{"id":1298,"date":"2024-08-13T19:18:00","date_gmt":"2024-08-13T17:18:00","guid":{"rendered":"https:\/\/www.wo-ist-achim.de\/blog\/?p=1298"},"modified":"2024-11-18T15:07:24","modified_gmt":"2024-11-18T14:07:24","slug":"tag-14-storvik-bodo-km-1815-1912","status":"publish","type":"post","link":"https:\/\/www.wo-ist-achim.de\/blog\/2024\/08\/13\/tag-14-storvik-bodo-km-1815-1912\/","title":{"rendered":"Tag 14: Storvik &#8211; Bod\u00f8\/ Moskenes km 1815-1912"},"content":{"rendered":"\n<h6 class=\"wp-block-heading\">Die letzten Kilometer nach Bod\u00f8 \u00fcber den Saltstraumen<\/h6>\n\n\n\n<iframe loading=\"lazy\" src=\"https:\/\/www.komoot.com\/de-de\/tour\/1785119629\/embed?share_token=arzX5CZF5DFocOJq7AgAHetCKIEjGyF1iPrkmifPOF1tmtqQ65&#038;profile=1\" width=\"100%\" height=\"700\" frameborder=\"0\" scrolling=\"no\"><\/iframe>\n\n\n\n<p>Der Ausblick beim Fr\u00fchst\u00fcck ist kaum zu \u00fcberbieten:<\/p>\n\n\n\n<figure class=\"wp-block-image size-full\"><img loading=\"lazy\" decoding=\"async\" width=\"1024\" height=\"768\" src=\"http:\/\/www.wo-ist-achim.de\/blog\/wp-content\/uploads\/2024\/08\/20240813-071806.jpg\" alt=\"\" class=\"wp-image-1794\" srcset=\"https:\/\/www.wo-ist-achim.de\/blog\/wp-content\/uploads\/2024\/08\/20240813-071806.jpg 1024w, https:\/\/www.wo-ist-achim.de\/blog\/wp-content\/uploads\/2024\/08\/20240813-071806-300x225.jpg 300w, https:\/\/www.wo-ist-achim.de\/blog\/wp-content\/uploads\/2024\/08\/20240813-071806-768x576.jpg 768w\" sizes=\"auto, (max-width: 1024px) 100vw, 1024px\" \/><\/figure>\n\n\n\n<p>Morgen soll es nochmal sch\u00f6n werden, bevor es die Tage danach wieder unbest\u00e4ndiger wird. Diesen sch\u00f6nen Tag will ich auf jeden Fall auf den Lofoten nutzen. Also ist heute das Ziel die F\u00e4hre von Bod\u00f8 nach Moskenes um 15 Uhr zu erreichen und sich gar nicht lange in Bod\u00f8 aufzuhalten. Bei der gleich anstehenden Tunneldurchfahrt f\u00e4ngt nun auch mein R\u00fccklicht an zu spinnen. Manchmal blinkt es, manchmal nicht, dann ist es wieder aus. Ich montiere das inzwischen getrocknete Vorderlicht provisorisch als R\u00fccklicht, das sollte erst mal ausreichen.<\/p>\n\n\n\n<figure class=\"wp-block-image size-full\"><img loading=\"lazy\" decoding=\"async\" width=\"1024\" height=\"768\" src=\"http:\/\/www.wo-ist-achim.de\/blog\/wp-content\/uploads\/2024\/08\/20240813-113648.jpg\" alt=\"\" class=\"wp-image-1797\" srcset=\"https:\/\/www.wo-ist-achim.de\/blog\/wp-content\/uploads\/2024\/08\/20240813-113648.jpg 1024w, https:\/\/www.wo-ist-achim.de\/blog\/wp-content\/uploads\/2024\/08\/20240813-113648-300x225.jpg 300w, https:\/\/www.wo-ist-achim.de\/blog\/wp-content\/uploads\/2024\/08\/20240813-113648-768x576.jpg 768w\" sizes=\"auto, (max-width: 1024px) 100vw, 1024px\" \/><\/figure>\n\n\n\n<p>Schon am ersten Berg f\u00e4hrt mir Ritch davon, er muss angeblich noch ein paar E-Mails schreiben&#8230;<\/p>\n\n\n\n<figure class=\"wp-block-image size-full\"><img loading=\"lazy\" decoding=\"async\" width=\"1024\" height=\"768\" src=\"http:\/\/www.wo-ist-achim.de\/blog\/wp-content\/uploads\/2024\/08\/20240813-114446.jpg\" alt=\"\" class=\"wp-image-1800\" srcset=\"https:\/\/www.wo-ist-achim.de\/blog\/wp-content\/uploads\/2024\/08\/20240813-114446.jpg 1024w, https:\/\/www.wo-ist-achim.de\/blog\/wp-content\/uploads\/2024\/08\/20240813-114446-300x225.jpg 300w, https:\/\/www.wo-ist-achim.de\/blog\/wp-content\/uploads\/2024\/08\/20240813-114446-768x576.jpg 768w\" sizes=\"auto, (max-width: 1024px) 100vw, 1024px\" \/><\/figure>\n\n\n\n<p>Die Strecke ist landschaftlich wieder sehr reizvoll, aber je n\u00e4her ich nach Bod\u00f8 komme, desto mehr Verkehr gibt es. Kurz vor Bod\u00f8 dann die beeindruckende Br\u00fccke \u00fcber den Saltstraumen, den gr\u00f6\u00dften Gezeitenstrom der Welt. Dort esse ich auch was im Supermarkt, wo mir eine laute, gro\u00dfe Gruppe von Italienern auff\u00e4llt. Ich sollte sie auf der F\u00e4hre und auf meiner Wanderung auf den Reinebringen wiedertreffen.<\/p>\n\n\n\n<figure class=\"wp-block-image size-full\"><img loading=\"lazy\" decoding=\"async\" width=\"1024\" height=\"768\" src=\"http:\/\/www.wo-ist-achim.de\/blog\/wp-content\/uploads\/2024\/08\/20240813-115844.jpg\" alt=\"\" class=\"wp-image-1801\" srcset=\"https:\/\/www.wo-ist-achim.de\/blog\/wp-content\/uploads\/2024\/08\/20240813-115844.jpg 1024w, https:\/\/www.wo-ist-achim.de\/blog\/wp-content\/uploads\/2024\/08\/20240813-115844-300x225.jpg 300w, https:\/\/www.wo-ist-achim.de\/blog\/wp-content\/uploads\/2024\/08\/20240813-115844-768x576.jpg 768w\" sizes=\"auto, (max-width: 1024px) 100vw, 1024px\" \/><\/figure>\n\n\n\n<figure class=\"wp-block-image size-full\"><img loading=\"lazy\" decoding=\"async\" width=\"1024\" height=\"768\" src=\"http:\/\/www.wo-ist-achim.de\/blog\/wp-content\/uploads\/2024\/08\/20240813-122022.jpg\" alt=\"\" class=\"wp-image-1802\" srcset=\"https:\/\/www.wo-ist-achim.de\/blog\/wp-content\/uploads\/2024\/08\/20240813-122022.jpg 1024w, https:\/\/www.wo-ist-achim.de\/blog\/wp-content\/uploads\/2024\/08\/20240813-122022-300x225.jpg 300w, https:\/\/www.wo-ist-achim.de\/blog\/wp-content\/uploads\/2024\/08\/20240813-122022-768x576.jpg 768w\" sizes=\"auto, (max-width: 1024px) 100vw, 1024px\" \/><\/figure>\n\n\n\n<figure class=\"wp-block-image size-full\"><img loading=\"lazy\" decoding=\"async\" width=\"1024\" height=\"768\" src=\"http:\/\/www.wo-ist-achim.de\/blog\/wp-content\/uploads\/2024\/08\/20240813-122028.jpg\" alt=\"\" class=\"wp-image-1803\" srcset=\"https:\/\/www.wo-ist-achim.de\/blog\/wp-content\/uploads\/2024\/08\/20240813-122028.jpg 1024w, https:\/\/www.wo-ist-achim.de\/blog\/wp-content\/uploads\/2024\/08\/20240813-122028-300x225.jpg 300w, https:\/\/www.wo-ist-achim.de\/blog\/wp-content\/uploads\/2024\/08\/20240813-122028-768x576.jpg 768w\" sizes=\"auto, (max-width: 1024px) 100vw, 1024px\" \/><\/figure>\n\n\n\n<p>In den Randbezirken von Bod\u00f8 stehe ich pl\u00f6tzlich vor einem XXL Outdoor Store und denke mir, es w\u00e4re eine gute Gelegenheit, endlich eine gescheite Regenjacke f\u00fcr den Polarkreis zu besorgen. Mit Kapuze. Und wirklich die haben eine Riesen-Auswahl bei absolut moderaten Preise. 160 EUR f\u00fcr eine Goretex-Jacke, da kann man nichts sagen.<\/p>\n\n\n\n<p>Im Hafen treffe ich auch Ritch wieder und dann geht es auf die 4-st\u00fcndige \u00dcberfahrt nach Moskenes, die wie fast alle F\u00e4hr\u00fcberfahrten in Norwegen kostenlos f\u00fcr Zweiradfahrer ist. Allerdings muss man sich vorher im Internet registrieren.<\/p>\n\n\n\n<figure class=\"wp-block-image size-full\"><img loading=\"lazy\" decoding=\"async\" width=\"1024\" height=\"768\" src=\"http:\/\/www.wo-ist-achim.de\/blog\/wp-content\/uploads\/2024\/08\/20240813-161723.jpg\" alt=\"\" class=\"wp-image-1808\" srcset=\"https:\/\/www.wo-ist-achim.de\/blog\/wp-content\/uploads\/2024\/08\/20240813-161723.jpg 1024w, https:\/\/www.wo-ist-achim.de\/blog\/wp-content\/uploads\/2024\/08\/20240813-161723-300x225.jpg 300w, https:\/\/www.wo-ist-achim.de\/blog\/wp-content\/uploads\/2024\/08\/20240813-161723-768x576.jpg 768w\" sizes=\"auto, (max-width: 1024px) 100vw, 1024px\" \/><\/figure>\n\n\n\n<p>Auf der \u00dcberfahrt weihe ich gleich meine neue Jacke ein. An Board ist es ziemlich windig. Nach 3 Stunden tauchen die Lofoten auf. Ich n\u00e4here mich meinem Sehnsuchtsziel!<\/p>\n\n\n\n<figure class=\"wp-block-image size-full\"><img loading=\"lazy\" decoding=\"async\" width=\"1024\" height=\"768\" src=\"http:\/\/www.wo-ist-achim.de\/blog\/wp-content\/uploads\/2024\/08\/20240813-181327.jpg\" alt=\"\" class=\"wp-image-1810\" srcset=\"https:\/\/www.wo-ist-achim.de\/blog\/wp-content\/uploads\/2024\/08\/20240813-181327.jpg 1024w, https:\/\/www.wo-ist-achim.de\/blog\/wp-content\/uploads\/2024\/08\/20240813-181327-300x225.jpg 300w, https:\/\/www.wo-ist-achim.de\/blog\/wp-content\/uploads\/2024\/08\/20240813-181327-768x576.jpg 768w\" sizes=\"auto, (max-width: 1024px) 100vw, 1024px\" \/><\/figure>\n\n\n\n<figure class=\"wp-block-image size-full\"><img loading=\"lazy\" decoding=\"async\" width=\"1024\" height=\"768\" src=\"http:\/\/www.wo-ist-achim.de\/blog\/wp-content\/uploads\/2024\/08\/20240813-181550.jpg\" alt=\"\" class=\"wp-image-1812\" srcset=\"https:\/\/www.wo-ist-achim.de\/blog\/wp-content\/uploads\/2024\/08\/20240813-181550.jpg 1024w, https:\/\/www.wo-ist-achim.de\/blog\/wp-content\/uploads\/2024\/08\/20240813-181550-300x225.jpg 300w, https:\/\/www.wo-ist-achim.de\/blog\/wp-content\/uploads\/2024\/08\/20240813-181550-768x576.jpg 768w\" sizes=\"auto, (max-width: 1024px) 100vw, 1024px\" \/><\/figure>\n\n\n\n<p>Direkt neben dem F\u00e4hranleger geht&#8217;s gleich auf den Campingplatz und gef\u00fchlt 50% der Passagiere peilen dieses Ziel an. Obwohl es da recht voll ist, kann man sich sch\u00f6n im Gel\u00e4nde verteilen. Wer m\u00f6chte kann sogar relativ alleine am Meer \u00fcbernachten, aber dann sind die Wege zur Toilette und K\u00fcche auch weiter. Ich w\u00e4hle die bequeme Variante, ich bleibe ja nur eine Nacht. Alle sind sehr freundlich und der Preis ist auch ok. Bei dem Andrang nicht selbstverst\u00e4ndlich.<\/p>\n\n\n\n<figure class=\"wp-block-image size-full\"><img loading=\"lazy\" decoding=\"async\" width=\"1024\" height=\"768\" src=\"http:\/\/www.wo-ist-achim.de\/blog\/wp-content\/uploads\/2024\/08\/20240813-200845.jpg\" alt=\"\" class=\"wp-image-1813\" srcset=\"https:\/\/www.wo-ist-achim.de\/blog\/wp-content\/uploads\/2024\/08\/20240813-200845.jpg 1024w, https:\/\/www.wo-ist-achim.de\/blog\/wp-content\/uploads\/2024\/08\/20240813-200845-300x225.jpg 300w, https:\/\/www.wo-ist-achim.de\/blog\/wp-content\/uploads\/2024\/08\/20240813-200845-768x576.jpg 768w\" sizes=\"auto, (max-width: 1024px) 100vw, 1024px\" \/><\/figure>\n\n\n\n<figure class=\"wp-block-image size-full\"><img loading=\"lazy\" decoding=\"async\" width=\"1024\" height=\"768\" src=\"http:\/\/www.wo-ist-achim.de\/blog\/wp-content\/uploads\/2024\/08\/20240813-212317.jpg\" alt=\"\" class=\"wp-image-1814\" srcset=\"https:\/\/www.wo-ist-achim.de\/blog\/wp-content\/uploads\/2024\/08\/20240813-212317.jpg 1024w, https:\/\/www.wo-ist-achim.de\/blog\/wp-content\/uploads\/2024\/08\/20240813-212317-300x225.jpg 300w, https:\/\/www.wo-ist-achim.de\/blog\/wp-content\/uploads\/2024\/08\/20240813-212317-768x576.jpg 768w\" sizes=\"auto, (max-width: 1024px) 100vw, 1024px\" \/><\/figure>\n\n\n\n<p>&#8222;With my bike on the Lofoten&#8220; war mein Traum und jetzt ist er Realit\u00e4t \ud83d\ude42<\/p>\n","protected":false},"excerpt":{"rendered":"<p>Die letzten Kilometer nach Bod\u00f8 \u00fcber den Saltstraumen Der Ausblick beim Fr\u00fchst\u00fcck ist kaum zu \u00fcberbieten: Morgen soll es nochmal sch\u00f6n werden, bevor es die<\/p>\n","protected":false},"author":2,"featured_media":1812,"comment_status":"open","ping_status":"open","sticky":false,"template":"","format":"standard","meta":{"footnotes":""},"categories":[17],"tags":[],"class_list":["post-1298","post","type-post","status-publish","format-standard","has-post-thumbnail","hentry","category-nordkap-2024"],"aioseo_notices":[],"_links":{"self":[{"href":"https:\/\/www.wo-ist-achim.de\/blog\/wp-json\/wp\/v2\/posts\/1298","targetHints":{"allow":["GET"]}}],"collection":[{"href":"https:\/\/www.wo-ist-achim.de\/blog\/wp-json\/wp\/v2\/posts"}],"about":[{"href":"https:\/\/www.wo-ist-achim.de\/blog\/wp-json\/wp\/v2\/types\/post"}],"author":[{"embeddable":true,"href":"https:\/\/www.wo-ist-achim.de\/blog\/wp-json\/wp\/v2\/users\/2"}],"replies":[{"embeddable":true,"href":"https:\/\/www.wo-ist-achim.de\/blog\/wp-json\/wp\/v2\/comments?post=1298"}],"version-history":[{"count":16,"href":"https:\/\/www.wo-ist-achim.de\/blog\/wp-json\/wp\/v2\/posts\/1298\/revisions"}],"predecessor-version":[{"id":2137,"href":"https:\/\/www.wo-ist-achim.de\/blog\/wp-json\/wp\/v2\/posts\/1298\/revisions\/2137"}],"wp:featuredmedia":[{"embeddable":true,"href":"https:\/\/www.wo-ist-achim.de\/blog\/wp-json\/wp\/v2\/media\/1812"}],"wp:attachment":[{"href":"https:\/\/www.wo-ist-achim.de\/blog\/wp-json\/wp\/v2\/media?parent=1298"}],"wp:term":[{"taxonomy":"category","embeddable":true,"href":"https:\/\/www.wo-ist-achim.de\/blog\/wp-json\/wp\/v2\/categories?post=1298"},{"taxonomy":"post_tag","embeddable":true,"href":"https:\/\/www.wo-ist-achim.de\/blog\/wp-json\/wp\/v2\/tags?post=1298"}],"curies":[{"name":"wp","href":"https:\/\/api.w.org\/{rel}","templated":true}]}}