{"id":1865,"date":"2024-08-14T09:00:00","date_gmt":"2024-08-14T07:00:00","guid":{"rendered":"https:\/\/www.wo-ist-achim.de\/blog\/?p=1865"},"modified":"2024-11-06T20:56:01","modified_gmt":"2024-11-06T19:56:01","slug":"wanderung-auf-den-reinebringen","status":"publish","type":"post","link":"https:\/\/www.wo-ist-achim.de\/blog\/2024\/08\/14\/wanderung-auf-den-reinebringen\/","title":{"rendered":"Wanderung auf den Reinebringen"},"content":{"rendered":"\n<iframe loading=\"lazy\" src=\"https:\/\/www.komoot.com\/de-de\/tour\/1787101091\/embed?share_token=azEPyOHYAZSAl1azWTO7095eMGxK8NDrNftm6DYh1FAbmBipGN&#038;profile=1\" width=\"100%\" height=\"700\" frameborder=\"0\" scrolling=\"no\"><\/iframe>\n\n\n\n<p>Der Reinebringen ist DER Aussichtsberg auf den Lofoten mit dem perfekten Ausblick auf die ber\u00fchmte Ortschaft Reine. Die Tour habe ich auf Komoot entdeckt, nachdem ein gewisser Tobi, auch Nordkap-Aspirant, hier eine Woche vor mir hoch gewandert ist. Noch mal vielen Dank unbekannterweise an Tobi!<\/p>\n\n\n\n<p>Vor Ort erfahre ich, dass hier extra 2000 Stufen von Sherpas verlegt wurden und 400 Hm zu \u00fcberwinden sind. Also habe ich heute vormittag diese Wanderung eingeplant und will nachmittags nur noch ca. 75 km mit dem Rad fahren.<\/p>\n\n\n\n<figure class=\"wp-block-image size-full\"><img loading=\"lazy\" decoding=\"async\" width=\"576\" height=\"768\" src=\"http:\/\/www.wo-ist-achim.de\/blog\/wp-content\/uploads\/2024\/08\/20240814-094818.jpg\" alt=\"\" class=\"wp-image-1872\" srcset=\"https:\/\/www.wo-ist-achim.de\/blog\/wp-content\/uploads\/2024\/08\/20240814-094818.jpg 576w, https:\/\/www.wo-ist-achim.de\/blog\/wp-content\/uploads\/2024\/08\/20240814-094818-225x300.jpg 225w\" sizes=\"auto, (max-width: 576px) 100vw, 576px\" \/><\/figure>\n\n\n\n<p>Die Treppe liegt nur ein paar Minuten vom Campingplatz entfernt und ist \u00fcber einen Fu\u00dfweg zu erreichen, den man aber mit dem Rad gut befahren kann. So parke ich mein Canyon direkt am Fu\u00df der Treppe und beginne den Aufstieg. Just zum gleichen Zeitpunkt startet die Riesengruppe der Italiener vom Vortag aus dem Supermarkt. Als ich sehe, dass die ein Gruppenfoto machen wollen, biete ich mich als Fotograf an \ud83d\ude42 Dann lege ich aber gleich los und lasse den Gro\u00dfteil der Gruppe hinter mir, die sind mir einfach zu laut&#8230;<\/p>\n\n\n\n<figure class=\"wp-block-image size-full\"><img loading=\"lazy\" decoding=\"async\" width=\"576\" height=\"768\" src=\"http:\/\/www.wo-ist-achim.de\/blog\/wp-content\/uploads\/2024\/08\/20240814-095817.jpg\" alt=\"\" class=\"wp-image-1873\" srcset=\"https:\/\/www.wo-ist-achim.de\/blog\/wp-content\/uploads\/2024\/08\/20240814-095817.jpg 576w, https:\/\/www.wo-ist-achim.de\/blog\/wp-content\/uploads\/2024\/08\/20240814-095817-225x300.jpg 225w\" sizes=\"auto, (max-width: 576px) 100vw, 576px\" \/><\/figure>\n\n\n\n<p>Der Aufstieg liegt voll in der Sonne und ich habe seit Hamburg noch nicht so sehr geschwitzt wie heute. Puuh, ist das anstrengend. Klappt aber mit meinen Barfu\u00dfschuhen hervorragend. Komplett schwei\u00dfgebaded komme ich oben an. Wow, was f\u00fcr eine Aussicht, da hat sich jeder einzelne Schwei\u00dftropfen gelohnt!<\/p>\n\n\n\n<figure class=\"wp-block-image size-full\"><img loading=\"lazy\" decoding=\"async\" width=\"1024\" height=\"443\" src=\"http:\/\/www.wo-ist-achim.de\/blog\/wp-content\/uploads\/2024\/08\/20240814-101429.jpg\" alt=\"\" class=\"wp-image-1874\" srcset=\"https:\/\/www.wo-ist-achim.de\/blog\/wp-content\/uploads\/2024\/08\/20240814-101429.jpg 1024w, https:\/\/www.wo-ist-achim.de\/blog\/wp-content\/uploads\/2024\/08\/20240814-101429-300x130.jpg 300w, https:\/\/www.wo-ist-achim.de\/blog\/wp-content\/uploads\/2024\/08\/20240814-101429-768x332.jpg 768w\" sizes=\"auto, (max-width: 1024px) 100vw, 1024px\" \/><\/figure>\n\n\n\n<figure class=\"wp-block-image size-full\"><img loading=\"lazy\" decoding=\"async\" width=\"1024\" height=\"768\" src=\"http:\/\/www.wo-ist-achim.de\/blog\/wp-content\/uploads\/2024\/08\/20240814-101850.jpg\" alt=\"\" class=\"wp-image-1875\" srcset=\"https:\/\/www.wo-ist-achim.de\/blog\/wp-content\/uploads\/2024\/08\/20240814-101850.jpg 1024w, https:\/\/www.wo-ist-achim.de\/blog\/wp-content\/uploads\/2024\/08\/20240814-101850-300x225.jpg 300w, https:\/\/www.wo-ist-achim.de\/blog\/wp-content\/uploads\/2024\/08\/20240814-101850-768x576.jpg 768w\" sizes=\"auto, (max-width: 1024px) 100vw, 1024px\" \/><\/figure>\n\n\n\n<figure class=\"wp-block-image size-full\"><img loading=\"lazy\" decoding=\"async\" width=\"1024\" height=\"768\" src=\"http:\/\/www.wo-ist-achim.de\/blog\/wp-content\/uploads\/2024\/08\/20240814-103011.jpg\" alt=\"\" class=\"wp-image-1877\" srcset=\"https:\/\/www.wo-ist-achim.de\/blog\/wp-content\/uploads\/2024\/08\/20240814-103011.jpg 1024w, https:\/\/www.wo-ist-achim.de\/blog\/wp-content\/uploads\/2024\/08\/20240814-103011-300x225.jpg 300w, https:\/\/www.wo-ist-achim.de\/blog\/wp-content\/uploads\/2024\/08\/20240814-103011-768x576.jpg 768w\" sizes=\"auto, (max-width: 1024px) 100vw, 1024px\" \/><\/figure>\n\n\n\n<p>Ich kann mich gar nicht sattsehen, mache unz\u00e4hlige Fotos und bleibe bestimmt eine Stunde dort oben. Dann geht&#8217;s aber weiter, ich muss heute schlie\u00dflich noch Radfahren. F\u00fcr den Abend habe ich mir ein Airbnb in Stamsund gebucht.<\/p>\n","protected":false},"excerpt":{"rendered":"<p>Der Reinebringen ist DER Aussichtsberg auf den Lofoten mit dem perfekten Ausblick auf die ber\u00fchmte Ortschaft Reine. Die Tour habe ich auf Komoot entdeckt, nachdem<\/p>\n","protected":false},"author":2,"featured_media":1877,"comment_status":"open","ping_status":"open","sticky":false,"template":"","format":"standard","meta":{"footnotes":""},"categories":[17],"tags":[],"class_list":["post-1865","post","type-post","status-publish","format-standard","has-post-thumbnail","hentry","category-nordkap-2024"],"aioseo_notices":[],"_links":{"self":[{"href":"https:\/\/www.wo-ist-achim.de\/blog\/wp-json\/wp\/v2\/posts\/1865","targetHints":{"allow":["GET"]}}],"collection":[{"href":"https:\/\/www.wo-ist-achim.de\/blog\/wp-json\/wp\/v2\/posts"}],"about":[{"href":"https:\/\/www.wo-ist-achim.de\/blog\/wp-json\/wp\/v2\/types\/post"}],"author":[{"embeddable":true,"href":"https:\/\/www.wo-ist-achim.de\/blog\/wp-json\/wp\/v2\/users\/2"}],"replies":[{"embeddable":true,"href":"https:\/\/www.wo-ist-achim.de\/blog\/wp-json\/wp\/v2\/comments?post=1865"}],"version-history":[{"count":5,"href":"https:\/\/www.wo-ist-achim.de\/blog\/wp-json\/wp\/v2\/posts\/1865\/revisions"}],"predecessor-version":[{"id":1890,"href":"https:\/\/www.wo-ist-achim.de\/blog\/wp-json\/wp\/v2\/posts\/1865\/revisions\/1890"}],"wp:featuredmedia":[{"embeddable":true,"href":"https:\/\/www.wo-ist-achim.de\/blog\/wp-json\/wp\/v2\/media\/1877"}],"wp:attachment":[{"href":"https:\/\/www.wo-ist-achim.de\/blog\/wp-json\/wp\/v2\/media?parent=1865"}],"wp:term":[{"taxonomy":"category","embeddable":true,"href":"https:\/\/www.wo-ist-achim.de\/blog\/wp-json\/wp\/v2\/categories?post=1865"},{"taxonomy":"post_tag","embeddable":true,"href":"https:\/\/www.wo-ist-achim.de\/blog\/wp-json\/wp\/v2\/tags?post=1865"}],"curies":[{"name":"wp","href":"https:\/\/api.w.org\/{rel}","templated":true}]}}