{"id":2191,"date":"2023-09-06T10:21:00","date_gmt":"2023-09-06T08:21:00","guid":{"rendered":"https:\/\/www.wo-ist-achim.de\/blog\/?p=2191"},"modified":"2025-02-17T10:52:46","modified_gmt":"2025-02-17T09:52:46","slug":"tag-1-vallorcine-lac-du-brevent-km-0-22","status":"publish","type":"post","link":"https:\/\/www.wo-ist-achim.de\/blog\/2023\/09\/06\/tag-1-vallorcine-lac-du-brevent-km-0-22\/","title":{"rendered":"Tag 1: Vallorcine &#8211; Lac du Br\u00e9vent km 0-22"},"content":{"rendered":"\n<p>Der offizielle Startpunkt der Tour du Mont Blanc (TMB) liegt in Les Houches (gesprochen &#8222;Lusch&#8220;) s\u00fcdwestlich von Chamonix. Da ich aber von Martigny anreiste und das Omega-Hoch seit 3 Tagen schon fest etabliert war, startete ich mit der letzten Etappe entlang der Aiguilles Rouge direkt gegen\u00fcber des Mont Blanc. Somit war sichergestellt, dass ich die aussichtsreiche Strecke bei bestem Wetter auch wirklich gleich am Anfang genie\u00dfen kann.<\/p>\n\n\n\n<iframe loading=\"lazy\" src=\"https:\/\/www.komoot.com\/de-de\/tour\/1296190218\/embed?share_token=aWXYQOqhWXkawnMHZ2KfNfCWjo67IFWTgGjkJpqYpOsmD4bov2&#038;profile=1\" width=\"100%\" height=\"700\" frameborder=\"0\" scrolling=\"no\"><\/iframe>\n\n\n\n<p>Ich nehme den ersten Zug und stehe um kurz nach 8 am Bahnhof in Vallorcine, um meinen TMB 2023 zu beginnen. Alleine die Zugfahrt von Martigny nach Vallorcine ist schon ein erstes Highlight des Tages, so verwinkelt und steil schl\u00e4ngelt sich die <a href=\"https:\/\/www.schienenverkehr-schweiz.ch\/Strecken\/Bahnstrecke_Martigny_-_Vallorcine\" target=\"_blank\" rel=\"noopener\" title=\"\">Zahnradbahn <\/a>von ca. 400 m auf ca. 1200 m durch die Schweizer Berge.<\/p>\n\n\n\n<figure class=\"wp-block-image size-full\"><img loading=\"lazy\" decoding=\"async\" width=\"768\" height=\"1024\" src=\"https:\/\/www.wo-ist-achim.de\/blog\/wp-content\/uploads\/2023\/09\/20230906-094828.jpg\" alt=\"\" class=\"wp-image-2246\" srcset=\"https:\/\/www.wo-ist-achim.de\/blog\/wp-content\/uploads\/2023\/09\/20230906-094828.jpg 768w, https:\/\/www.wo-ist-achim.de\/blog\/wp-content\/uploads\/2023\/09\/20230906-094828-225x300.jpg 225w\" sizes=\"auto, (max-width: 768px) 100vw, 768px\" \/><\/figure>\n\n\n\n<p>Es bleiben mir etwa 4 km zum Col des Montets zum Einlaufen, bevor der Weg direkt von der Passh\u00f6he in vielen Sepertinen steil zur Aiguilles Rouge ansteigt.<\/p>\n\n\n\n<figure class=\"wp-block-image size-full\"><img loading=\"lazy\" decoding=\"async\" width=\"1024\" height=\"768\" src=\"https:\/\/www.wo-ist-achim.de\/blog\/wp-content\/uploads\/2023\/09\/20230906-095117.jpg\" alt=\"\" class=\"wp-image-2248\" srcset=\"https:\/\/www.wo-ist-achim.de\/blog\/wp-content\/uploads\/2023\/09\/20230906-095117.jpg 1024w, https:\/\/www.wo-ist-achim.de\/blog\/wp-content\/uploads\/2023\/09\/20230906-095117-300x225.jpg 300w, https:\/\/www.wo-ist-achim.de\/blog\/wp-content\/uploads\/2023\/09\/20230906-095117-768x576.jpg 768w\" sizes=\"auto, (max-width: 1024px) 100vw, 1024px\" \/><\/figure>\n\n\n\n<p>Es ist so ein Traum-Tag und mit jedem gewonnen H\u00f6henmeter ergeben sich neue, faszinierende Ausblicke. Schon bald kommt der Mont Blanc ins Blickfeld, was f\u00fcr ein Berg!<\/p>\n\n\n\n<figure class=\"wp-block-image size-full\"><img loading=\"lazy\" decoding=\"async\" width=\"1024\" height=\"768\" src=\"https:\/\/www.wo-ist-achim.de\/blog\/wp-content\/uploads\/2023\/09\/20230906-110537.jpg\" alt=\"\" class=\"wp-image-2249\" srcset=\"https:\/\/www.wo-ist-achim.de\/blog\/wp-content\/uploads\/2023\/09\/20230906-110537.jpg 1024w, https:\/\/www.wo-ist-achim.de\/blog\/wp-content\/uploads\/2023\/09\/20230906-110537-300x225.jpg 300w, https:\/\/www.wo-ist-achim.de\/blog\/wp-content\/uploads\/2023\/09\/20230906-110537-768x576.jpg 768w\" sizes=\"auto, (max-width: 1024px) 100vw, 1024px\" \/><\/figure>\n\n\n\n<p>Direkt gegen\u00fcber sieht man ins Argenti\u00e9re-Tal mit gleichnamigen Gletscher und H\u00fctte. Hier startete ich 2016 die Haute Route und ich kann mich noch gut erinnern, wie ich die ersten Meter nach der Seilbahn die Abfahrt zur Argenti\u00e9re-H\u00fctte hinuntergest\u00f6pselt bin.<\/p>\n\n\n\n<figure class=\"wp-block-image size-full\"><img loading=\"lazy\" decoding=\"async\" width=\"1024\" height=\"377\" src=\"https:\/\/www.wo-ist-achim.de\/blog\/wp-content\/uploads\/2023\/09\/20230906-114915-2.jpg\" alt=\"\" class=\"wp-image-2250\" srcset=\"https:\/\/www.wo-ist-achim.de\/blog\/wp-content\/uploads\/2023\/09\/20230906-114915-2.jpg 1024w, https:\/\/www.wo-ist-achim.de\/blog\/wp-content\/uploads\/2023\/09\/20230906-114915-2-300x110.jpg 300w, https:\/\/www.wo-ist-achim.de\/blog\/wp-content\/uploads\/2023\/09\/20230906-114915-2-768x283.jpg 768w\" sizes=\"auto, (max-width: 1024px) 100vw, 1024px\" \/><\/figure>\n\n\n\n<p>Nachdem ich etwa 2000 m H\u00f6he erreicht habe, f\u00fchrt der Weg relativ eben das ganze Massiv der Aiguilles Rouge entlang. Unterwegs passiert man die Mittelstation des Skigebiets Le Fl\u00e9g\u00e8re, und man l\u00e4uft direkt \u00fcber die Terrasse einer Bergh\u00fctte. Ich bin noch voller Endorphine und Tatendrang und habe keine Lust auf eine Pause. Kurz danach \u00fcberquert man einen Bach, soweit ich mich erinnern kann die einzige Wasserquelle auf der gesamten Strecke, und ich erfrische mich kurz im kalten Quellwasser.<\/p>\n\n\n\n<figure class=\"wp-block-image size-full\"><img loading=\"lazy\" decoding=\"async\" width=\"1024\" height=\"768\" src=\"https:\/\/www.wo-ist-achim.de\/blog\/wp-content\/uploads\/2023\/09\/20230906-123208.jpg\" alt=\"\" class=\"wp-image-2255\" srcset=\"https:\/\/www.wo-ist-achim.de\/blog\/wp-content\/uploads\/2023\/09\/20230906-123208.jpg 1024w, https:\/\/www.wo-ist-achim.de\/blog\/wp-content\/uploads\/2023\/09\/20230906-123208-300x225.jpg 300w, https:\/\/www.wo-ist-achim.de\/blog\/wp-content\/uploads\/2023\/09\/20230906-123208-768x576.jpg 768w\" sizes=\"auto, (max-width: 1024px) 100vw, 1024px\" \/><\/figure>\n\n\n\n<p>Ich treffe auf viele Tagesausfl\u00fcgler und auch Gruppen, u.a. ein Alpinkurs. Chamonix ist ein gro\u00dfes Bergsportzentrum, das viele internationale G\u00e4ste anzieht, insbesondere auch Amerikaner.<\/p>\n\n\n\n<figure class=\"wp-block-image size-full\"><img loading=\"lazy\" decoding=\"async\" width=\"768\" height=\"1024\" src=\"https:\/\/www.wo-ist-achim.de\/blog\/wp-content\/uploads\/2023\/09\/20230906-133508.jpg\" alt=\"\" class=\"wp-image-2265\" srcset=\"https:\/\/www.wo-ist-achim.de\/blog\/wp-content\/uploads\/2023\/09\/20230906-133508.jpg 768w, https:\/\/www.wo-ist-achim.de\/blog\/wp-content\/uploads\/2023\/09\/20230906-133508-225x300.jpg 225w\" sizes=\"auto, (max-width: 768px) 100vw, 768px\" \/><\/figure>\n\n\n\n<p>Als Tagesziel habe ich mir den Lac du Br\u00e9vent am Ende der Bergkette der Aiguilles Rouges ausgesucht. Da dort oben ein Naturschutzgebiet ist, gibt es nur ein paar ausgewiesene Zonen, in denen ein Bivak erlaubt ist. Der See liegt ungef\u00e4hr in der passenden Entfernung f\u00fcr eine Tagesetappe von 20 km und Wasser in der N\u00e4he zu haben, ist immer praktisch, da man dann frisch gebadet in den Schlafsack steigen kann.<\/p>\n\n\n\n<p>Vorher kommt aber noch der Anstieg auf den Le Br\u00e9vent, der gleichnamige Berg mit 2525 m H\u00f6he. Nun bin ich doch schon \u00fcber 6 Stunden unterwegs und ich sp\u00fcre pl\u00f6tzlich eine ganz sch\u00f6ne M\u00fcdigkeit. Mein K\u00f6rper hat sich noch nicht daran gew\u00f6hnt, jetzt jeden Tag \u00fcber 20 km und 1000-2000 H\u00f6henmeter zu laufen. Oben geht es dann noch durch Blockgel\u00e4nde und man muss eine Eisenleiter hochklettern, wie ich sp\u00e4ter erfahre, wohl eine Schl\u00fcsselstelle auf der Tour, die ich aber ziemlich harmlos finde.<\/p>\n\n\n\n<figure class=\"wp-block-image size-full\"><img loading=\"lazy\" decoding=\"async\" width=\"1024\" height=\"768\" src=\"https:\/\/www.wo-ist-achim.de\/blog\/wp-content\/uploads\/2023\/09\/20230906-151451.jpg\" alt=\"\" class=\"wp-image-2266\" srcset=\"https:\/\/www.wo-ist-achim.de\/blog\/wp-content\/uploads\/2023\/09\/20230906-151451.jpg 1024w, https:\/\/www.wo-ist-achim.de\/blog\/wp-content\/uploads\/2023\/09\/20230906-151451-300x225.jpg 300w, https:\/\/www.wo-ist-achim.de\/blog\/wp-content\/uploads\/2023\/09\/20230906-151451-768x576.jpg 768w\" sizes=\"auto, (max-width: 1024px) 100vw, 1024px\" \/><\/figure>\n\n\n\n<p>Oben angekommen kann man den Gipfel des Le Br\u00e9vent auch einfach links liegen lassen und direkt den Abstieg in Angriff nehmen, aber ich denke mir, wenn ich schon da bin, gehe ich auch noch kurz zum Gipfel. Direkt daneben ist auch die Bergstation der Seilbahn, die von Chamonix hochkommt. Es ist schon nach 17 Uhr und deshalb menschenleer bis auf eine junge Frau, die sich als Amerikanerin herausstellt, und die noch gerne ins Tal fahren w\u00fcrde. Sie hat nur einen Tagesrucksack dabei und ist einigerma\u00dfen aufgel\u00f6st, als ich ihr erkl\u00e4re, dass die letzte Bahn vermutlich schon gefahren ist.<\/p>\n\n\n\n<figure class=\"wp-block-image size-full\"><img loading=\"lazy\" decoding=\"async\" width=\"1024\" height=\"768\" src=\"https:\/\/www.wo-ist-achim.de\/blog\/wp-content\/uploads\/2023\/09\/20230906-175248-2.jpg\" alt=\"\" class=\"wp-image-2258\" srcset=\"https:\/\/www.wo-ist-achim.de\/blog\/wp-content\/uploads\/2023\/09\/20230906-175248-2.jpg 1024w, https:\/\/www.wo-ist-achim.de\/blog\/wp-content\/uploads\/2023\/09\/20230906-175248-2-300x225.jpg 300w, https:\/\/www.wo-ist-achim.de\/blog\/wp-content\/uploads\/2023\/09\/20230906-175248-2-768x576.jpg 768w\" sizes=\"auto, (max-width: 1024px) 100vw, 1024px\" \/><\/figure>\n\n\n\n<p>Ich \u00fcberlege mir, meinen Plan zu \u00e4ndern und sie ins Tal zu begleiten, aber das will sie auch nicht. Schlie\u00dflich habe ich die Idee, dass sie in der Refuge de Bellachat \u00fcbernachten k\u00f6nne, die ist etwa 30 min von hier entfernt. Wenig sp\u00e4ter treffen wir auf ein franz\u00f6sisches Paar, der ich die Situation erkl\u00e4re, und die einwilligen, sie auf die H\u00fctte mitzunehmen. Dann biege ich erleichtert zu meinem Tagesziel dem Lac du Br\u00e9vent ab.<\/p>\n\n\n\n<figure class=\"wp-block-image size-full\"><img loading=\"lazy\" decoding=\"async\" width=\"1024\" height=\"768\" src=\"https:\/\/www.wo-ist-achim.de\/blog\/wp-content\/uploads\/2023\/09\/20230906-183816.jpg\" alt=\"\" class=\"wp-image-2259\" srcset=\"https:\/\/www.wo-ist-achim.de\/blog\/wp-content\/uploads\/2023\/09\/20230906-183816.jpg 1024w, https:\/\/www.wo-ist-achim.de\/blog\/wp-content\/uploads\/2023\/09\/20230906-183816-300x225.jpg 300w, https:\/\/www.wo-ist-achim.de\/blog\/wp-content\/uploads\/2023\/09\/20230906-183816-768x576.jpg 768w\" sizes=\"auto, (max-width: 1024px) 100vw, 1024px\" \/><\/figure>\n\n\n\n<p>Es folgt ein 30 min\u00fctiger Abstieg zum See und nach einigem Suchen finde ich einen perfekten Platz direkt am Wasser. Ich bin hier nicht alleine, es zelten noch zwei andere Leute in der N\u00e4he aber au\u00dfer Sicht. Nach einem Bad im See und leckerem Abendessen vom Kocher verbringe ich hier eine wundervolle Nacht.<\/p>\n","protected":false},"excerpt":{"rendered":"<p>Der offizielle Startpunkt der Tour du Mont Blanc (TMB) liegt in Les Houches (gesprochen &#8222;Lusch&#8220;) s\u00fcdwestlich von Chamonix. Da ich aber von Martigny anreiste und<\/p>\n","protected":false},"author":2,"featured_media":2256,"comment_status":"open","ping_status":"open","sticky":false,"template":"","format":"standard","meta":{"footnotes":""},"categories":[22],"tags":[],"class_list":["post-2191","post","type-post","status-publish","format-standard","has-post-thumbnail","hentry","category-tour-du-mont-blanc"],"aioseo_notices":[],"_links":{"self":[{"href":"https:\/\/www.wo-ist-achim.de\/blog\/wp-json\/wp\/v2\/posts\/2191","targetHints":{"allow":["GET"]}}],"collection":[{"href":"https:\/\/www.wo-ist-achim.de\/blog\/wp-json\/wp\/v2\/posts"}],"about":[{"href":"https:\/\/www.wo-ist-achim.de\/blog\/wp-json\/wp\/v2\/types\/post"}],"author":[{"embeddable":true,"href":"https:\/\/www.wo-ist-achim.de\/blog\/wp-json\/wp\/v2\/users\/2"}],"replies":[{"embeddable":true,"href":"https:\/\/www.wo-ist-achim.de\/blog\/wp-json\/wp\/v2\/comments?post=2191"}],"version-history":[{"count":27,"href":"https:\/\/www.wo-ist-achim.de\/blog\/wp-json\/wp\/v2\/posts\/2191\/revisions"}],"predecessor-version":[{"id":2448,"href":"https:\/\/www.wo-ist-achim.de\/blog\/wp-json\/wp\/v2\/posts\/2191\/revisions\/2448"}],"wp:featuredmedia":[{"embeddable":true,"href":"https:\/\/www.wo-ist-achim.de\/blog\/wp-json\/wp\/v2\/media\/2256"}],"wp:attachment":[{"href":"https:\/\/www.wo-ist-achim.de\/blog\/wp-json\/wp\/v2\/media?parent=2191"}],"wp:term":[{"taxonomy":"category","embeddable":true,"href":"https:\/\/www.wo-ist-achim.de\/blog\/wp-json\/wp\/v2\/categories?post=2191"},{"taxonomy":"post_tag","embeddable":true,"href":"https:\/\/www.wo-ist-achim.de\/blog\/wp-json\/wp\/v2\/tags?post=2191"}],"curies":[{"name":"wp","href":"https:\/\/api.w.org\/{rel}","templated":true}]}}