{"id":2205,"date":"2023-09-10T10:38:00","date_gmt":"2023-09-10T08:38:00","guid":{"rendered":"https:\/\/www.wo-ist-achim.de\/blog\/?p=2205"},"modified":"2025-02-17T10:08:41","modified_gmt":"2025-02-17T09:08:41","slug":"tag-5-peuterey-grand-col-ferret-km-100-128","status":"publish","type":"post","link":"https:\/\/www.wo-ist-achim.de\/blog\/2023\/09\/10\/tag-5-peuterey-grand-col-ferret-km-100-128\/","title":{"rendered":"Tag 5: Peuterey-Grand Col Ferret km 100-128"},"content":{"rendered":"\n<p>Am Morgen gehe ich zur\u00fcck zur Haupstra\u00dfe und folge dieser einfach bis Courmayeur.<\/p>\n\n\n\n<iframe loading=\"lazy\" src=\"https:\/\/www.komoot.com\/de-de\/tour\/1303804268\/embed?share_token=a0dBO4zqlTW68F9oVRoaVmbIYNtnwHjSK35FQ9VNSruScQz8LK&#038;profile=1\" width=\"100%\" height=\"700\" frameborder=\"0\" scrolling=\"no\"><\/iframe>\n\n\n\n<p>Hier scheint eine Veranstaltung im Gange zu sein, schon von weitem h\u00f6re ich die Lautsprecherdurchsagen.<\/p>\n\n\n\n<figure class=\"wp-block-image size-full\"><img loading=\"lazy\" decoding=\"async\" width=\"768\" height=\"1024\" src=\"http:\/\/www.wo-ist-achim.de\/blog\/wp-content\/uploads\/2023\/09\/20230910-103636.jpg\" alt=\"\" class=\"wp-image-2370\" srcset=\"https:\/\/www.wo-ist-achim.de\/blog\/wp-content\/uploads\/2023\/09\/20230910-103636.jpg 768w, https:\/\/www.wo-ist-achim.de\/blog\/wp-content\/uploads\/2023\/09\/20230910-103636-225x300.jpg 225w\" sizes=\"auto, (max-width: 768px) 100vw, 768px\" \/><\/figure>\n\n\n\n<p>Es stellt sich als <a href=\"https:\/\/www.torxtrail.com\/en\" title=\"\">Ultratrail-Veranstaltung<\/a> mit einer Strecke von bis zu 450 km heraus, abartig! Ich habe wohl gerade den Start verpasst. Jetzt wird mir auch klar, warum die Hotels alle ausgebucht waren. Ich genehmige mir noch ein versp\u00e4tetes Fr\u00fchst\u00fcck, stocke meine Vorr\u00e4te auf und nehme den schwei\u00dftreibenden Aufstieg zum Rifugio Giorgio Bertone Vecchio in Angriff. Der Ort ist wirklich komplett \u00fcberf\u00fcllt, die Massen schieben sich durch die Gassen.<\/p>\n\n\n\n<figure class=\"wp-block-image size-full\"><img loading=\"lazy\" decoding=\"async\" width=\"1024\" height=\"768\" src=\"http:\/\/www.wo-ist-achim.de\/blog\/wp-content\/uploads\/2023\/09\/20230910-103229.jpg\" alt=\"\" class=\"wp-image-2369\" srcset=\"https:\/\/www.wo-ist-achim.de\/blog\/wp-content\/uploads\/2023\/09\/20230910-103229.jpg 1024w, https:\/\/www.wo-ist-achim.de\/blog\/wp-content\/uploads\/2023\/09\/20230910-103229-300x225.jpg 300w, https:\/\/www.wo-ist-achim.de\/blog\/wp-content\/uploads\/2023\/09\/20230910-103229-768x576.jpg 768w\" sizes=\"auto, (max-width: 1024px) 100vw, 1024px\" \/><\/figure>\n\n\n\n<p>Als Ziel habe ich mir heute den Grand Col Ferret ausgesucht, ein Pass auf \u00fcber 2600 m H\u00f6he. Auf der Karte schaut es dort recht flach aus, es gibt einige Quellen in der N\u00e4he und das Biwakieren ist ab einer H\u00f6he von 2500 m H\u00f6he generell erlaubt. Am Rifugio Giorgio Bertone Vecchio baue ich mein Zelt mal wieder zum Trocknen auf. Auch von dieser Seite schaut der Mont Blanc einfach nur beeindruckend aus, wenngleich s\u00fcdseitig weniger Gletscher zu sehen sind.<\/p>\n\n\n\n<figure class=\"wp-block-image size-full\"><img loading=\"lazy\" decoding=\"async\" width=\"1024\" height=\"768\" src=\"http:\/\/www.wo-ist-achim.de\/blog\/wp-content\/uploads\/2023\/09\/20230910-124431.jpg\" alt=\"\" class=\"wp-image-2372\" srcset=\"https:\/\/www.wo-ist-achim.de\/blog\/wp-content\/uploads\/2023\/09\/20230910-124431.jpg 1024w, https:\/\/www.wo-ist-achim.de\/blog\/wp-content\/uploads\/2023\/09\/20230910-124431-300x225.jpg 300w, https:\/\/www.wo-ist-achim.de\/blog\/wp-content\/uploads\/2023\/09\/20230910-124431-768x576.jpg 768w\" sizes=\"auto, (max-width: 1024px) 100vw, 1024px\" \/><\/figure>\n\n\n\n<p>Hier sehe ich zum ersten Mal ein Schild zum Grand Col Ferret: 6h. Mir schwant, dass das ein langer Tag werden wird. Wenn alles klappt bin ich erst um ca. 19 Uhr am Ziel. Links der Mont Blanc und ganz rechts die Grandes Jorasses mit dem Walker Pfeiler:<\/p>\n\n\n\n<figure class=\"wp-block-image size-full\"><img loading=\"lazy\" decoding=\"async\" width=\"1024\" height=\"400\" src=\"http:\/\/www.wo-ist-achim.de\/blog\/wp-content\/uploads\/2023\/09\/20230910-132410.jpg\" alt=\"\" class=\"wp-image-2374\" srcset=\"https:\/\/www.wo-ist-achim.de\/blog\/wp-content\/uploads\/2023\/09\/20230910-132410.jpg 1024w, https:\/\/www.wo-ist-achim.de\/blog\/wp-content\/uploads\/2023\/09\/20230910-132410-300x117.jpg 300w, https:\/\/www.wo-ist-achim.de\/blog\/wp-content\/uploads\/2023\/09\/20230910-132410-768x300.jpg 768w\" sizes=\"auto, (max-width: 1024px) 100vw, 1024px\" \/><\/figure>\n\n\n\n<p>Der Weg f\u00fchrt gr\u00f6\u00dftenteils recht angenehm immer auf einer H\u00f6he entlang.<\/p>\n\n\n\n<figure class=\"wp-block-image size-full\"><img loading=\"lazy\" decoding=\"async\" width=\"1024\" height=\"768\" src=\"http:\/\/www.wo-ist-achim.de\/blog\/wp-content\/uploads\/2023\/09\/20230910-134539-2.jpg\" alt=\"\" class=\"wp-image-2375\" srcset=\"https:\/\/www.wo-ist-achim.de\/blog\/wp-content\/uploads\/2023\/09\/20230910-134539-2.jpg 1024w, https:\/\/www.wo-ist-achim.de\/blog\/wp-content\/uploads\/2023\/09\/20230910-134539-2-300x225.jpg 300w, https:\/\/www.wo-ist-achim.de\/blog\/wp-content\/uploads\/2023\/09\/20230910-134539-2-768x576.jpg 768w\" sizes=\"auto, (max-width: 1024px) 100vw, 1024px\" \/><\/figure>\n\n\n\n<p>Es ist hier nicht so voll wie auf der Aiguilles Rouges auf der Nordseite. <\/p>\n\n\n\n<figure class=\"wp-block-image size-full\"><img loading=\"lazy\" decoding=\"async\" width=\"1024\" height=\"768\" src=\"http:\/\/www.wo-ist-achim.de\/blog\/wp-content\/uploads\/2023\/09\/20230910-152445.jpg\" alt=\"\" class=\"wp-image-2377\" srcset=\"https:\/\/www.wo-ist-achim.de\/blog\/wp-content\/uploads\/2023\/09\/20230910-152445.jpg 1024w, https:\/\/www.wo-ist-achim.de\/blog\/wp-content\/uploads\/2023\/09\/20230910-152445-300x225.jpg 300w, https:\/\/www.wo-ist-achim.de\/blog\/wp-content\/uploads\/2023\/09\/20230910-152445-768x576.jpg 768w\" sizes=\"auto, (max-width: 1024px) 100vw, 1024px\" \/><\/figure>\n\n\n\n<p>Am Ende geht es wieder hinunter ins Tal und der Aufstieg zum Rifugio Elena und weiter zum Grand Col Ferret beginnt. Sicherheitshalber f\u00fclle ich noch meine Wasservorr\u00e4te auf, falls es oben doch kein Wasser geben sollte. Auf dem Weg zum Rifugio Elena werde ich von den Amerikanern \u00fcberholt, die ich die letzten Tage immer mal wieder treffe. Alles meist Rentner, aber die haben ja auch keine 10 kg Rucksack zu schleppen, sondern nur ein bisschen Tagesgep\u00e4ck. Hinter der H\u00fctte holt mich irgendwann der Schatten ein. Es ist schon 19 Uhr und der riesige Mont Blanc wirft seinen Schatten schon bald vor Sonnenuntergang auf die gegen\u00fcberliegenden Bergh\u00e4nge.<\/p>\n\n\n\n<figure class=\"wp-block-image size-full\"><img loading=\"lazy\" decoding=\"async\" width=\"1024\" height=\"768\" src=\"http:\/\/www.wo-ist-achim.de\/blog\/wp-content\/uploads\/2023\/09\/20230910-185426.jpg\" alt=\"\" class=\"wp-image-2378\" srcset=\"https:\/\/www.wo-ist-achim.de\/blog\/wp-content\/uploads\/2023\/09\/20230910-185426.jpg 1024w, https:\/\/www.wo-ist-achim.de\/blog\/wp-content\/uploads\/2023\/09\/20230910-185426-300x225.jpg 300w, https:\/\/www.wo-ist-achim.de\/blog\/wp-content\/uploads\/2023\/09\/20230910-185426-768x576.jpg 768w\" sizes=\"auto, (max-width: 1024px) 100vw, 1024px\" \/><\/figure>\n\n\n\n<p>Hinter der Passh\u00f6he gibt es zum Gl\u00fcck wirklich riesige zeltgeeignete Wiesen. Ein Zelt steht schon da und ein drittes kommt sp\u00e4ter hinzu. Ein perfekter Platz. Und eine kleine Quelle gibt es auch in der N\u00e4he.<\/p>\n\n\n\n<figure class=\"wp-block-image size-full\"><img loading=\"lazy\" decoding=\"async\" width=\"1024\" height=\"768\" src=\"http:\/\/www.wo-ist-achim.de\/blog\/wp-content\/uploads\/2023\/09\/20230910-192847.jpg\" alt=\"\" class=\"wp-image-2379\" srcset=\"https:\/\/www.wo-ist-achim.de\/blog\/wp-content\/uploads\/2023\/09\/20230910-192847.jpg 1024w, https:\/\/www.wo-ist-achim.de\/blog\/wp-content\/uploads\/2023\/09\/20230910-192847-300x225.jpg 300w, https:\/\/www.wo-ist-achim.de\/blog\/wp-content\/uploads\/2023\/09\/20230910-192847-768x576.jpg 768w\" sizes=\"auto, (max-width: 1024px) 100vw, 1024px\" \/><\/figure>\n\n\n\n<p>Ich staune nicht schlecht, als in der D\u00e4mmerung noch 3 MTBs vorbeikommen und Richtung Schweiz abfahren. Ach ja, der Col Grand Ferret ist gleichzeitig die Grenze zwischen Italien und der Schweiz. Morgen wird es etwas teurer. Von der Passh\u00f6he mit italienischem Netz telefoniere ich noch nach Hause.<\/p>\n\n\n\n<figure class=\"wp-block-image size-full\"><img loading=\"lazy\" decoding=\"async\" width=\"1024\" height=\"768\" src=\"http:\/\/www.wo-ist-achim.de\/blog\/wp-content\/uploads\/2023\/09\/20230910-201528.jpg\" alt=\"\" class=\"wp-image-2380\" srcset=\"https:\/\/www.wo-ist-achim.de\/blog\/wp-content\/uploads\/2023\/09\/20230910-201528.jpg 1024w, https:\/\/www.wo-ist-achim.de\/blog\/wp-content\/uploads\/2023\/09\/20230910-201528-300x225.jpg 300w, https:\/\/www.wo-ist-achim.de\/blog\/wp-content\/uploads\/2023\/09\/20230910-201528-768x576.jpg 768w\" sizes=\"auto, (max-width: 1024px) 100vw, 1024px\" \/><\/figure>\n","protected":false},"excerpt":{"rendered":"<p>Am Morgen gehe ich zur\u00fcck zur Haupstra\u00dfe und folge dieser einfach bis Courmayeur. Hier scheint eine Veranstaltung im Gange zu sein, schon von weitem h\u00f6re<\/p>\n","protected":false},"author":2,"featured_media":2375,"comment_status":"open","ping_status":"open","sticky":false,"template":"","format":"standard","meta":{"footnotes":""},"categories":[22],"tags":[],"class_list":["post-2205","post","type-post","status-publish","format-standard","has-post-thumbnail","hentry","category-tour-du-mont-blanc"],"aioseo_notices":[],"_links":{"self":[{"href":"https:\/\/www.wo-ist-achim.de\/blog\/wp-json\/wp\/v2\/posts\/2205","targetHints":{"allow":["GET"]}}],"collection":[{"href":"https:\/\/www.wo-ist-achim.de\/blog\/wp-json\/wp\/v2\/posts"}],"about":[{"href":"https:\/\/www.wo-ist-achim.de\/blog\/wp-json\/wp\/v2\/types\/post"}],"author":[{"embeddable":true,"href":"https:\/\/www.wo-ist-achim.de\/blog\/wp-json\/wp\/v2\/users\/2"}],"replies":[{"embeddable":true,"href":"https:\/\/www.wo-ist-achim.de\/blog\/wp-json\/wp\/v2\/comments?post=2205"}],"version-history":[{"count":5,"href":"https:\/\/www.wo-ist-achim.de\/blog\/wp-json\/wp\/v2\/posts\/2205\/revisions"}],"predecessor-version":[{"id":2438,"href":"https:\/\/www.wo-ist-achim.de\/blog\/wp-json\/wp\/v2\/posts\/2205\/revisions\/2438"}],"wp:featuredmedia":[{"embeddable":true,"href":"https:\/\/www.wo-ist-achim.de\/blog\/wp-json\/wp\/v2\/media\/2375"}],"wp:attachment":[{"href":"https:\/\/www.wo-ist-achim.de\/blog\/wp-json\/wp\/v2\/media?parent=2205"}],"wp:term":[{"taxonomy":"category","embeddable":true,"href":"https:\/\/www.wo-ist-achim.de\/blog\/wp-json\/wp\/v2\/categories?post=2205"},{"taxonomy":"post_tag","embeddable":true,"href":"https:\/\/www.wo-ist-achim.de\/blog\/wp-json\/wp\/v2\/tags?post=2205"}],"curies":[{"name":"wp","href":"https:\/\/api.w.org\/{rel}","templated":true}]}}