{"id":2208,"date":"2023-09-11T13:48:00","date_gmt":"2023-09-11T11:48:00","guid":{"rendered":"https:\/\/www.wo-ist-achim.de\/blog\/?p=2208"},"modified":"2025-02-17T11:05:26","modified_gmt":"2025-02-17T10:05:26","slug":"tag-6-grand-col-ferret-champex-lac-km-128-149","status":"publish","type":"post","link":"https:\/\/www.wo-ist-achim.de\/blog\/2023\/09\/11\/tag-6-grand-col-ferret-champex-lac-km-128-149\/","title":{"rendered":"Tag 6: Grand Col Ferret &#8211; Champex Lac km 128-149"},"content":{"rendered":"\n<p>Irgendwie habe ich diese Nacht sehr unruhig geschlafen. Das Zelt hat \u00f6fters geraschelt und ich habe mich gefragt, ob es hier wohl B\u00e4ren gibt.<\/p>\n\n\n\n<iframe loading=\"lazy\" src=\"https:\/\/www.komoot.com\/de-de\/tour\/1304479887\/embed?share_token=aGV3jONBVK1X7I5CHcqkI1VTEaeNwObl4YfEVff2WeOl7jr9XS&#038;profile=1\" width=\"100%\" height=\"700\" frameborder=\"0\" scrolling=\"no\"><\/iframe>\n\n\n\n<p>Ich lasse mir viel Zeit und genie\u00dfe den Sonnenaufgang.<\/p>\n\n\n\n<figure class=\"wp-block-image size-full\"><img loading=\"lazy\" decoding=\"async\" width=\"1024\" height=\"768\" src=\"http:\/\/www.wo-ist-achim.de\/blog\/wp-content\/uploads\/2023\/09\/20230911-073552.jpg\" alt=\"\" class=\"wp-image-2383\" srcset=\"https:\/\/www.wo-ist-achim.de\/blog\/wp-content\/uploads\/2023\/09\/20230911-073552.jpg 1024w, https:\/\/www.wo-ist-achim.de\/blog\/wp-content\/uploads\/2023\/09\/20230911-073552-300x225.jpg 300w, https:\/\/www.wo-ist-achim.de\/blog\/wp-content\/uploads\/2023\/09\/20230911-073552-768x576.jpg 768w\" sizes=\"auto, (max-width: 1024px) 100vw, 1024px\" \/><\/figure>\n\n\n\n<figure class=\"wp-block-image size-full\"><img loading=\"lazy\" decoding=\"async\" width=\"1024\" height=\"768\" src=\"http:\/\/www.wo-ist-achim.de\/blog\/wp-content\/uploads\/2023\/09\/20230911-073650.jpg\" alt=\"\" class=\"wp-image-2384\" srcset=\"https:\/\/www.wo-ist-achim.de\/blog\/wp-content\/uploads\/2023\/09\/20230911-073650.jpg 1024w, https:\/\/www.wo-ist-achim.de\/blog\/wp-content\/uploads\/2023\/09\/20230911-073650-300x225.jpg 300w, https:\/\/www.wo-ist-achim.de\/blog\/wp-content\/uploads\/2023\/09\/20230911-073650-768x576.jpg 768w\" sizes=\"auto, (max-width: 1024px) 100vw, 1024px\" \/><\/figure>\n\n\n\n<figure class=\"wp-block-image size-full\"><img loading=\"lazy\" decoding=\"async\" width=\"768\" height=\"1024\" src=\"http:\/\/www.wo-ist-achim.de\/blog\/wp-content\/uploads\/2023\/09\/20230911-074114.jpg\" alt=\"\" class=\"wp-image-2385\" srcset=\"https:\/\/www.wo-ist-achim.de\/blog\/wp-content\/uploads\/2023\/09\/20230911-074114.jpg 768w, https:\/\/www.wo-ist-achim.de\/blog\/wp-content\/uploads\/2023\/09\/20230911-074114-225x300.jpg 225w\" sizes=\"auto, (max-width: 768px) 100vw, 768px\" \/><\/figure>\n\n\n\n<p>Von der Passh\u00f6he f\u00fchrt ein verlockender Pfad weg Richtung Grandes Jorasses und ein Blick auf die Karte verr\u00e4t mir, dass das eine inoffizielle Alternative zum TMB sein k\u00f6nnte. Wahrscheinlich ist der Weg etwas zu ausgesetzt, aber ich bin ja berg- und klettererfahren. Da man damit auch etwas Strecke spart, schlage ich den Weg ein.<\/p>\n\n\n\n<figure class=\"wp-block-image size-full\"><img loading=\"lazy\" decoding=\"async\" width=\"1024\" height=\"768\" src=\"http:\/\/www.wo-ist-achim.de\/blog\/wp-content\/uploads\/2023\/09\/20230911-091542.jpg\" alt=\"\" class=\"wp-image-2387\" srcset=\"https:\/\/www.wo-ist-achim.de\/blog\/wp-content\/uploads\/2023\/09\/20230911-091542.jpg 1024w, https:\/\/www.wo-ist-achim.de\/blog\/wp-content\/uploads\/2023\/09\/20230911-091542-300x225.jpg 300w, https:\/\/www.wo-ist-achim.de\/blog\/wp-content\/uploads\/2023\/09\/20230911-091542-768x576.jpg 768w\" sizes=\"auto, (max-width: 1024px) 100vw, 1024px\" \/><\/figure>\n\n\n\n<p>Es gibt nur eine kurze, ausgesetzte Stelle und ich bin komplett alleine. So gef\u00e4llt mir das. Schon fast im Tal muss ich mich mit einem mulmigen Gef\u00fchl durch die Kuhherde k\u00e4mpfen.<\/p>\n\n\n\n<figure class=\"wp-block-image size-full\"><img loading=\"lazy\" decoding=\"async\" width=\"1024\" height=\"768\" src=\"http:\/\/www.wo-ist-achim.de\/blog\/wp-content\/uploads\/2023\/09\/20230911-100255.jpg\" alt=\"\" class=\"wp-image-2388\" srcset=\"https:\/\/www.wo-ist-achim.de\/blog\/wp-content\/uploads\/2023\/09\/20230911-100255.jpg 1024w, https:\/\/www.wo-ist-achim.de\/blog\/wp-content\/uploads\/2023\/09\/20230911-100255-300x225.jpg 300w, https:\/\/www.wo-ist-achim.de\/blog\/wp-content\/uploads\/2023\/09\/20230911-100255-768x576.jpg 768w\" sizes=\"auto, (max-width: 1024px) 100vw, 1024px\" \/><\/figure>\n\n\n\n<figure class=\"wp-block-image size-full\"><img loading=\"lazy\" decoding=\"async\" width=\"1024\" height=\"768\" src=\"http:\/\/www.wo-ist-achim.de\/blog\/wp-content\/uploads\/2023\/09\/20230911-103228.jpg\" alt=\"\" class=\"wp-image-2389\" srcset=\"https:\/\/www.wo-ist-achim.de\/blog\/wp-content\/uploads\/2023\/09\/20230911-103228.jpg 1024w, https:\/\/www.wo-ist-achim.de\/blog\/wp-content\/uploads\/2023\/09\/20230911-103228-300x225.jpg 300w, https:\/\/www.wo-ist-achim.de\/blog\/wp-content\/uploads\/2023\/09\/20230911-103228-768x576.jpg 768w\" sizes=\"auto, (max-width: 1024px) 100vw, 1024px\" \/><\/figure>\n\n\n\n<p>Beim ersten Supermarkt g\u00f6nne ich mir ein zweites Fr\u00fchst\u00fcck mit leckerem Schweizer K\u00e4se und Rivella.<\/p>\n\n\n\n<figure class=\"wp-block-image size-full\"><img loading=\"lazy\" decoding=\"async\" width=\"1024\" height=\"768\" src=\"http:\/\/www.wo-ist-achim.de\/blog\/wp-content\/uploads\/2023\/09\/20230911-104828.jpg\" alt=\"\" class=\"wp-image-2390\" srcset=\"https:\/\/www.wo-ist-achim.de\/blog\/wp-content\/uploads\/2023\/09\/20230911-104828.jpg 1024w, https:\/\/www.wo-ist-achim.de\/blog\/wp-content\/uploads\/2023\/09\/20230911-104828-300x225.jpg 300w, https:\/\/www.wo-ist-achim.de\/blog\/wp-content\/uploads\/2023\/09\/20230911-104828-768x576.jpg 768w\" sizes=\"auto, (max-width: 1024px) 100vw, 1024px\" \/><\/figure>\n\n\n\n<p>Danach geht es langsam das Tal hinunter und ab und zu gibt es Schilder vom UTMB. Das ist der Ultra-Trail-Du-Mont-Blanc. Schon wieder so ein Wahnsinns-Lauf. Der Rekord f\u00fcr die TMB-Umrundung liegt bei 19:37 Stunden.<\/p>\n\n\n\n<figure class=\"wp-block-image size-full\"><img loading=\"lazy\" decoding=\"async\" width=\"1024\" height=\"768\" src=\"http:\/\/www.wo-ist-achim.de\/blog\/wp-content\/uploads\/2023\/09\/20230911-111929.jpg\" alt=\"\" class=\"wp-image-2391\" srcset=\"https:\/\/www.wo-ist-achim.de\/blog\/wp-content\/uploads\/2023\/09\/20230911-111929.jpg 1024w, https:\/\/www.wo-ist-achim.de\/blog\/wp-content\/uploads\/2023\/09\/20230911-111929-300x225.jpg 300w, https:\/\/www.wo-ist-achim.de\/blog\/wp-content\/uploads\/2023\/09\/20230911-111929-768x576.jpg 768w\" sizes=\"auto, (max-width: 1024px) 100vw, 1024px\" \/><\/figure>\n\n\n\n<p>Ach, die Schweiz ist einfach nett&#8230;<\/p>\n\n\n\n<figure class=\"wp-block-image size-full\"><img loading=\"lazy\" decoding=\"async\" width=\"1024\" height=\"768\" src=\"http:\/\/www.wo-ist-achim.de\/blog\/wp-content\/uploads\/2023\/09\/20230911-140318.jpg\" alt=\"\" class=\"wp-image-2393\" srcset=\"https:\/\/www.wo-ist-achim.de\/blog\/wp-content\/uploads\/2023\/09\/20230911-140318.jpg 1024w, https:\/\/www.wo-ist-achim.de\/blog\/wp-content\/uploads\/2023\/09\/20230911-140318-300x225.jpg 300w, https:\/\/www.wo-ist-achim.de\/blog\/wp-content\/uploads\/2023\/09\/20230911-140318-768x576.jpg 768w\" sizes=\"auto, (max-width: 1024px) 100vw, 1024px\" \/><\/figure>\n\n\n\n<p>Am Ende geht es dann noch mal 400 H\u00f6henmeter nach Champex-Lac hoch. Der Ort und See liegen wundersch\u00f6n.<\/p>\n\n\n\n<figure class=\"wp-block-image size-full\"><img loading=\"lazy\" decoding=\"async\" width=\"1024\" height=\"768\" src=\"http:\/\/www.wo-ist-achim.de\/blog\/wp-content\/uploads\/2023\/09\/20230911-153301.jpg\" alt=\"\" class=\"wp-image-2394\" srcset=\"https:\/\/www.wo-ist-achim.de\/blog\/wp-content\/uploads\/2023\/09\/20230911-153301.jpg 1024w, https:\/\/www.wo-ist-achim.de\/blog\/wp-content\/uploads\/2023\/09\/20230911-153301-300x225.jpg 300w, https:\/\/www.wo-ist-achim.de\/blog\/wp-content\/uploads\/2023\/09\/20230911-153301-768x576.jpg 768w\" sizes=\"auto, (max-width: 1024px) 100vw, 1024px\" \/><\/figure>\n\n\n\n<p>Ich gehe noch bis zum Campingplatz, der eher klein und wieder etwas \u00fcberlaufen ist. Im Supermarkt kaufe ich mir Abendessen. Sp\u00e4ter trudelt Ben ein. Er sa\u00df mit mir beim Pizzaessen in Les Chapieux zusammen und ich habe ihn untewegs noch ein paar Mal getroffen. Wir verabreden uns auf ein Bier abends auf dem Campingplatz. Er ist erst 28, k\u00f6nnte mein Sohn sein und kommt aus England. Er hat sich ein halbes Jahr freigenommen und will nach dem TMB nach Indien. Ich finde es ganz nett, nicht alleine zu sein und mal etwas quatschen zu k\u00f6nnen.<\/p>\n","protected":false},"excerpt":{"rendered":"<p>Irgendwie habe ich diese Nacht sehr unruhig geschlafen. Das Zelt hat \u00f6fters geraschelt und ich habe mich gefragt, ob es hier wohl B\u00e4ren gibt. Ich<\/p>\n","protected":false},"author":2,"featured_media":2393,"comment_status":"open","ping_status":"open","sticky":false,"template":"","format":"standard","meta":{"footnotes":""},"categories":[22],"tags":[],"class_list":["post-2208","post","type-post","status-publish","format-standard","has-post-thumbnail","hentry","category-tour-du-mont-blanc"],"aioseo_notices":[],"_links":{"self":[{"href":"https:\/\/www.wo-ist-achim.de\/blog\/wp-json\/wp\/v2\/posts\/2208","targetHints":{"allow":["GET"]}}],"collection":[{"href":"https:\/\/www.wo-ist-achim.de\/blog\/wp-json\/wp\/v2\/posts"}],"about":[{"href":"https:\/\/www.wo-ist-achim.de\/blog\/wp-json\/wp\/v2\/types\/post"}],"author":[{"embeddable":true,"href":"https:\/\/www.wo-ist-achim.de\/blog\/wp-json\/wp\/v2\/users\/2"}],"replies":[{"embeddable":true,"href":"https:\/\/www.wo-ist-achim.de\/blog\/wp-json\/wp\/v2\/comments?post=2208"}],"version-history":[{"count":7,"href":"https:\/\/www.wo-ist-achim.de\/blog\/wp-json\/wp\/v2\/posts\/2208\/revisions"}],"predecessor-version":[{"id":2451,"href":"https:\/\/www.wo-ist-achim.de\/blog\/wp-json\/wp\/v2\/posts\/2208\/revisions\/2451"}],"wp:featuredmedia":[{"embeddable":true,"href":"https:\/\/www.wo-ist-achim.de\/blog\/wp-json\/wp\/v2\/media\/2393"}],"wp:attachment":[{"href":"https:\/\/www.wo-ist-achim.de\/blog\/wp-json\/wp\/v2\/media?parent=2208"}],"wp:term":[{"taxonomy":"category","embeddable":true,"href":"https:\/\/www.wo-ist-achim.de\/blog\/wp-json\/wp\/v2\/categories?post=2208"},{"taxonomy":"post_tag","embeddable":true,"href":"https:\/\/www.wo-ist-achim.de\/blog\/wp-json\/wp\/v2\/tags?post=2208"}],"curies":[{"name":"wp","href":"https:\/\/api.w.org\/{rel}","templated":true}]}}