{"id":2210,"date":"2023-09-12T13:52:00","date_gmt":"2023-09-12T11:52:00","guid":{"rendered":"https:\/\/www.wo-ist-achim.de\/blog\/?p=2210"},"modified":"2026-02-23T15:04:37","modified_gmt":"2026-02-23T14:04:37","slug":"tag-7-champex-lac-montroc-km-149-173","status":"publish","type":"post","link":"https:\/\/www.wo-ist-achim.de\/blog\/2023\/09\/12\/tag-7-champex-lac-montroc-km-149-173\/","title":{"rendered":"Tag 7: Champex Lac &#8211; Montroc km 149-173"},"content":{"rendered":"\n<p>Ich wache um 4 Uhr auf und merke, dass ich jetzt sehr, sehr schnell aufs Klo gehen sollte. Ich schaffe es nur noch meine Hose halb anzuziehen, humpele barfu\u00df zum WC-H\u00e4uschen und erreiche dieses gerade noch rechtzeitig. Ich habe ger\u00fcchteweise von einem Virus auf der H\u00fctte vor Les Chapieux geh\u00f6rt, aber wie ich mir den holen konnte, ist mir einigerma\u00dfen r\u00e4tselhaft, da ich ja kaum Kontakt zu anderen Menschen hatte. Vielleicht habe ich aber auch einfach nur die Rivella nicht vertragen. <\/p>\n\n\n\n<p>An Schlaf ist jetzt nicht mehr zu denken. Auf eine weitere Nacht im Zelt habe ich keine Lust mehr. Ich schaue mal bei booking.com in Chamonix und tats\u00e4chlich da ist eine sch\u00f6ne Unterkunft f\u00fcr 90 EUR mit Fr\u00fchst\u00fcck im Zentrum frei. Ich schlage gleich zu und beschlie\u00dfe sofort bei Sonnenaufgang loszumarschieren. Heute abend schlafe ich im Hotel und morgen g\u00f6nne ich mir noch einen sch\u00f6nen Abschlu\u00dftag in Chamonix, yessss!<\/p>\n\n\n\n<iframe loading=\"lazy\" src=\"https:\/\/www.komoot.com\/de-de\/tour\/1305893750\/embed?share_token=aZmhukfLJdveZ330V4texNPb9vFrmNlgC493U8d4ZN3RNYPM9C&#038;profile=1\" width=\"100%\" height=\"700\" frameborder=\"0\" scrolling=\"no\"><\/iframe>\n\n\n\n<p>Damit entf\u00e4llt zwar die Variante \u00fcber die Fen\u00e9tre d&#8217;Arpette, die ich von der Haute Route noch kenne, aber ich will den TMB heute zu Ende bringen. Ich merke schon auf den ersten Metern, dass mir heute die Kraft fehlt. Dementsprechend z\u00e4h geht der Aufstieg zum Col de Portalo. Ich muss immer wieder anhalten und Pause machen. Au\u00dferdem schw\u00e4chelt heute das Omegahoch, die Hochdruckphase geht wohl langsam zu Ende.<\/p>\n\n\n\n<figure class=\"wp-block-image size-full\"><img loading=\"lazy\" decoding=\"async\" width=\"1024\" height=\"768\" src=\"http:\/\/www.wo-ist-achim.de\/blog\/wp-content\/uploads\/2023\/09\/20230912-100203.jpg\" alt=\"\" class=\"wp-image-2396\" srcset=\"https:\/\/www.wo-ist-achim.de\/blog\/wp-content\/uploads\/2023\/09\/20230912-100203.jpg 1024w, https:\/\/www.wo-ist-achim.de\/blog\/wp-content\/uploads\/2023\/09\/20230912-100203-300x225.jpg 300w, https:\/\/www.wo-ist-achim.de\/blog\/wp-content\/uploads\/2023\/09\/20230912-100203-768x576.jpg 768w\" sizes=\"auto, (max-width: 1024px) 100vw, 1024px\" \/><\/figure>\n\n\n\n<p>Die Alm von Bovine ist schon geschlossen und so muss ich den Ausblick nach Martigny ohne Extra-Verpflegung genie\u00dfen. Es folgt der Abstieg zum Col de la Forclaz. Ich mache Mittagspause beim Campingplatz Le Peuty, den ich evtl. auch als \u00dcbernachtung geplant hatte. Ein anderer Trekker fragt mich \u00fcber mein Hilleberg Enan aus, das ich mal wieder zum Trocknen aufgebaut habe. <\/p>\n\n\n\n<figure class=\"wp-block-image size-full\"><img loading=\"lazy\" decoding=\"async\" width=\"1024\" height=\"768\" src=\"http:\/\/www.wo-ist-achim.de\/blog\/wp-content\/uploads\/2023\/09\/20230912-112804.jpg\" alt=\"\" class=\"wp-image-2397\" srcset=\"https:\/\/www.wo-ist-achim.de\/blog\/wp-content\/uploads\/2023\/09\/20230912-112804.jpg 1024w, https:\/\/www.wo-ist-achim.de\/blog\/wp-content\/uploads\/2023\/09\/20230912-112804-300x225.jpg 300w, https:\/\/www.wo-ist-achim.de\/blog\/wp-content\/uploads\/2023\/09\/20230912-112804-768x576.jpg 768w\" sizes=\"auto, (max-width: 1024px) 100vw, 1024px\" \/><\/figure>\n\n\n\n<p>Jetzt fehlt mir nur noch der Aufstieg zum Col de Balme mit der gleichnamigen H\u00fctte. Aber der hat es in sich. Die Sonne sticht im Moment wieder gnadenlos zwischen den Wolken herunter. Auch wenn es wenig sp\u00e4ter in den Wald geht, ich bin v\u00f6llig kraftlos. Also z\u00e4hle ich immer 50 Schritte ab und mache dann eine kurze Pause. So qu\u00e4le ich mich den endlosen Anstieg in unz\u00e4hligen Teil-Etappen hoch. Als es aus den Wald geht und ich die H\u00fctte zum ersten Mal ersp\u00e4hen kann, dauert es immer noch \u00fcber eine Stunde bis ich endlich oben bin.<\/p>\n\n\n\n<figure class=\"wp-block-image size-full\"><img loading=\"lazy\" decoding=\"async\" width=\"1024\" height=\"768\" src=\"http:\/\/www.wo-ist-achim.de\/blog\/wp-content\/uploads\/2023\/09\/20230912-153631.jpg\" alt=\"\" class=\"wp-image-2398\" srcset=\"https:\/\/www.wo-ist-achim.de\/blog\/wp-content\/uploads\/2023\/09\/20230912-153631.jpg 1024w, https:\/\/www.wo-ist-achim.de\/blog\/wp-content\/uploads\/2023\/09\/20230912-153631-300x225.jpg 300w, https:\/\/www.wo-ist-achim.de\/blog\/wp-content\/uploads\/2023\/09\/20230912-153631-768x576.jpg 768w\" sizes=\"auto, (max-width: 1024px) 100vw, 1024px\" \/><\/figure>\n\n\n\n<p>Am Col de Balme bestelle ich mir eine Cola und schie\u00dfe dieses vielsagende Foto meines Zustandes \ud83d\ude09<\/p>\n\n\n\n<figure class=\"wp-block-image size-full\"><img loading=\"lazy\" decoding=\"async\" width=\"768\" height=\"1024\" src=\"http:\/\/www.wo-ist-achim.de\/blog\/wp-content\/uploads\/2023\/09\/20230912-154342.jpg\" alt=\"\" class=\"wp-image-2399\" srcset=\"https:\/\/www.wo-ist-achim.de\/blog\/wp-content\/uploads\/2023\/09\/20230912-154342.jpg 768w, https:\/\/www.wo-ist-achim.de\/blog\/wp-content\/uploads\/2023\/09\/20230912-154342-225x300.jpg 225w\" sizes=\"auto, (max-width: 768px) 100vw, 768px\" \/><\/figure>\n\n\n\n<p>Als Zielpunkt habe ich mir die Bahnstation in Montroc ausgesucht, von der ich mit dem Zug direkt nach Chamonix fahren kann. Der TMB w\u00fcrde eigentlich \u00fcber den Bergr\u00fccken der Aiguillette des Posettes mit nochmal 200 H\u00f6henmetern f\u00fchren, aber dazu habe ich keine Lust und Ausdauer mehr. Und die Aussicht ist heute auch nicht mehr so toll. So nehme ich den direkten Weg \u00fcber die Skipiste. Hier bin ich schon auf den letzten Metern:<\/p>\n\n\n\n<figure class=\"wp-block-image size-full\"><img loading=\"lazy\" decoding=\"async\" width=\"1024\" height=\"768\" src=\"http:\/\/www.wo-ist-achim.de\/blog\/wp-content\/uploads\/2023\/09\/20230912-170456.jpg\" alt=\"\" class=\"wp-image-2400\" srcset=\"https:\/\/www.wo-ist-achim.de\/blog\/wp-content\/uploads\/2023\/09\/20230912-170456.jpg 1024w, https:\/\/www.wo-ist-achim.de\/blog\/wp-content\/uploads\/2023\/09\/20230912-170456-300x225.jpg 300w, https:\/\/www.wo-ist-achim.de\/blog\/wp-content\/uploads\/2023\/09\/20230912-170456-768x576.jpg 768w\" sizes=\"auto, (max-width: 1024px) 100vw, 1024px\" \/><\/figure>\n\n\n\n<p>\u00dcbergl\u00fccklich erreiche ich den Bahnhof in Montroc und komme mit einem Schweizer Ehepaar ins Gespr\u00e4ch. Als ich Ihnen erz\u00e4hle, dass ich gerade den TMB zu Ende gebracht habe, begl\u00fcckw\u00fcnschen sie mich. Die Zugfahrt ist kurz und bald stehe ich vor meinem sch\u00f6nen, gem\u00fctlichen Hotel.<\/p>\n\n\n\n<figure class=\"wp-block-image size-full\"><img loading=\"lazy\" decoding=\"async\" width=\"768\" height=\"1024\" src=\"http:\/\/www.wo-ist-achim.de\/blog\/wp-content\/uploads\/2023\/09\/20230913-105027.jpg\" alt=\"\" class=\"wp-image-2401\" srcset=\"https:\/\/www.wo-ist-achim.de\/blog\/wp-content\/uploads\/2023\/09\/20230913-105027.jpg 768w, https:\/\/www.wo-ist-achim.de\/blog\/wp-content\/uploads\/2023\/09\/20230913-105027-225x300.jpg 225w\" sizes=\"auto, (max-width: 768px) 100vw, 768px\" \/><\/figure>\n\n\n\n<p>ich gehe in Chamonix Pizza essen und schaue mir abends noch das L\u00e4nderspiel Deutschland-Frankreich an, das Deutschland mit Rudi V\u00f6ller als Trainer 2:1 gewinnt. Mein kleines Zimmer genie\u00dfe ich nach der Woche im Zelt in vollen Z\u00fcgen und auch das leckere Fr\u00fchst\u00fcck am n\u00e4chsten Morgen.<\/p>\n\n\n\n<figure class=\"wp-block-image size-full\"><img loading=\"lazy\" decoding=\"async\" width=\"1024\" height=\"768\" src=\"https:\/\/www.wo-ist-achim.de\/blog\/wp-content\/uploads\/2023\/09\/20230912-193104.jpg\" alt=\"\" class=\"wp-image-2421\" srcset=\"https:\/\/www.wo-ist-achim.de\/blog\/wp-content\/uploads\/2023\/09\/20230912-193104.jpg 1024w, https:\/\/www.wo-ist-achim.de\/blog\/wp-content\/uploads\/2023\/09\/20230912-193104-300x225.jpg 300w, https:\/\/www.wo-ist-achim.de\/blog\/wp-content\/uploads\/2023\/09\/20230912-193104-768x576.jpg 768w\" sizes=\"auto, (max-width: 1024px) 100vw, 1024px\" \/><\/figure>\n\n\n\n<p>Am n\u00e4chsten Tag bleibe ich noch vormittags in Chamonix. Was f\u00fcr ein Unterschied, wenn das Wetter nicht mehr so gut ist.<\/p>\n\n\n\n<figure class=\"wp-block-image size-full\"><img loading=\"lazy\" decoding=\"async\" width=\"1024\" height=\"768\" src=\"https:\/\/www.wo-ist-achim.de\/blog\/wp-content\/uploads\/2023\/09\/20230912-175006.jpg\" alt=\"\" class=\"wp-image-2420\" srcset=\"https:\/\/www.wo-ist-achim.de\/blog\/wp-content\/uploads\/2023\/09\/20230912-175006.jpg 1024w, https:\/\/www.wo-ist-achim.de\/blog\/wp-content\/uploads\/2023\/09\/20230912-175006-300x225.jpg 300w, https:\/\/www.wo-ist-achim.de\/blog\/wp-content\/uploads\/2023\/09\/20230912-175006-768x576.jpg 768w\" sizes=\"auto, (max-width: 1024px) 100vw, 1024px\" \/><\/figure>\n\n\n\n<p>Die Auffahrt zur Aiguille du Midi lohnt sich auch nicht mehr wirklich.<\/p>\n\n\n\n<figure class=\"wp-block-image size-full\"><img loading=\"lazy\" decoding=\"async\" width=\"1024\" height=\"768\" src=\"http:\/\/www.wo-ist-achim.de\/blog\/wp-content\/uploads\/2023\/09\/20230913-121706.jpg\" alt=\"\" class=\"wp-image-2402\" srcset=\"https:\/\/www.wo-ist-achim.de\/blog\/wp-content\/uploads\/2023\/09\/20230913-121706.jpg 1024w, https:\/\/www.wo-ist-achim.de\/blog\/wp-content\/uploads\/2023\/09\/20230913-121706-300x225.jpg 300w, https:\/\/www.wo-ist-achim.de\/blog\/wp-content\/uploads\/2023\/09\/20230913-121706-768x576.jpg 768w\" sizes=\"auto, (max-width: 1024px) 100vw, 1024px\" \/><\/figure>\n\n\n\n<p><strong>Fazit<\/strong><\/p>\n\n\n\n<p>Der TMB ist eine wirklich herausragende Bergwanderung mit fantastischen Ausblicken auf das Hochgebirge um den Mont Blanc, wenn das Wetter mitspielt. Die Infrastruktur ist hervorragend, es gibt viele H\u00fctten oder auch alternativ Zeltm\u00f6glichkeiten entlang des Weges. Besondere Bergerfahrung ist eigentlich nicht erforderlich. Eine gute Kondition ist aber definitiv von Vorteil. 7-11 Tage ist realistisch, je nachdem wie schnell man vorw\u00e4rts kommen m\u00f6chte. Man kann die Tour auch in allen m\u00f6glichen Varianten buchen, nur mit organisierter \u00dcbernachtung, zus\u00e4tzlichem Gep\u00e4cktransport oder auch mit F\u00fchrer. Leider ist der Weg generell etwas \u00fcberlaufen mit vielen internationalen, wenig bergerfahrenen Touristen. Eine absolute &#8222;Modetour&#8220;.<\/p>\n","protected":false},"excerpt":{"rendered":"<p>Ich wache um 4 Uhr auf und merke, dass ich jetzt sehr, sehr schnell aufs Klo gehen sollte. Ich schaffe es nur noch meine Hose<\/p>\n","protected":false},"author":2,"featured_media":2398,"comment_status":"open","ping_status":"open","sticky":false,"template":"","format":"standard","meta":{"footnotes":""},"categories":[22],"tags":[],"class_list":["post-2210","post","type-post","status-publish","format-standard","has-post-thumbnail","hentry","category-tour-du-mont-blanc"],"aioseo_notices":[],"_links":{"self":[{"href":"https:\/\/www.wo-ist-achim.de\/blog\/wp-json\/wp\/v2\/posts\/2210","targetHints":{"allow":["GET"]}}],"collection":[{"href":"https:\/\/www.wo-ist-achim.de\/blog\/wp-json\/wp\/v2\/posts"}],"about":[{"href":"https:\/\/www.wo-ist-achim.de\/blog\/wp-json\/wp\/v2\/types\/post"}],"author":[{"embeddable":true,"href":"https:\/\/www.wo-ist-achim.de\/blog\/wp-json\/wp\/v2\/users\/2"}],"replies":[{"embeddable":true,"href":"https:\/\/www.wo-ist-achim.de\/blog\/wp-json\/wp\/v2\/comments?post=2210"}],"version-history":[{"count":21,"href":"https:\/\/www.wo-ist-achim.de\/blog\/wp-json\/wp\/v2\/posts\/2210\/revisions"}],"predecessor-version":[{"id":2488,"href":"https:\/\/www.wo-ist-achim.de\/blog\/wp-json\/wp\/v2\/posts\/2210\/revisions\/2488"}],"wp:featuredmedia":[{"embeddable":true,"href":"https:\/\/www.wo-ist-achim.de\/blog\/wp-json\/wp\/v2\/media\/2398"}],"wp:attachment":[{"href":"https:\/\/www.wo-ist-achim.de\/blog\/wp-json\/wp\/v2\/media?parent=2210"}],"wp:term":[{"taxonomy":"category","embeddable":true,"href":"https:\/\/www.wo-ist-achim.de\/blog\/wp-json\/wp\/v2\/categories?post=2210"},{"taxonomy":"post_tag","embeddable":true,"href":"https:\/\/www.wo-ist-achim.de\/blog\/wp-json\/wp\/v2\/tags?post=2210"}],"curies":[{"name":"wp","href":"https:\/\/api.w.org\/{rel}","templated":true}]}}