{"id":25,"date":"2013-06-28T10:35:00","date_gmt":"2013-06-28T08:35:00","guid":{"rendered":""},"modified":"2019-08-14T23:47:52","modified_gmt":"2019-08-14T21:47:52","slug":"wenn-der-wurm-drin-ist","status":"publish","type":"post","link":"https:\/\/www.wo-ist-achim.de\/blog\/2013\/06\/28\/wenn-der-wurm-drin-ist\/","title":{"rendered":"Wenn der Wurm drin ist&#8230;"},"content":{"rendered":"<p>&#8230; ist es eben mentales Training. Gestern stand zum letzten Mal meine Lieblingseinheit in der harten Variante auf dem Programm: 3:30 Rad mit 1:30 Lauf und das nach der Arbeit. Bl\u00f6d ist, wenn man vorher am Regenradar schon sieht, dass es regnen wird, und das bei 12 Grad. &nbsp;Im Nachhinein h\u00e4tte ich Handschuhe und \u00dcberschuhe anziehen sollen, aber es ist Ende Juni, da geht&#8217;s um Prinzip. Ich war von Anfang an ziemlich m\u00fcde und habe dann auch recht schnell den Trainingsplan ad acta gelegt (eigentlich h\u00e4tte ich 1 Stunde mit Puls 142 und 1:15 mit Puls 149 fahren sollen). Ich habe mich in Erding wohl zu sehr angestrengt bzw. bin von BUILD2 noch nicht erholt. Einen Wettkampf 3 Wochen vor dem Hauptwettkampf, sollte man wohl nicht mehr mit vollem Einsatz bestreiten.<\/p>\n<p>Und wenn dann erst mal der Wurm drin ist, dann nervt der LKW, der viel zu dicht \u00fcberholt, die knackende Schaltung, weil ich mit meinem alten Laufradsatz unterwegs bin, die Radhose, mit der ich auf dem Sattel st\u00e4ndig nach vorne rutsche, die klebrige Trinkflasche, der Regen, der Wind, die M\u00fcdigkeit, usw&#8230; Irgendwann dachte ich mir, egal, ich fahre jetzt einfach meine Runde nach Lust und Laune, wie es eben geht, und dann gings. Kurz vor dem Ortsschild M\u00fcnchen hatte ich dann einen Platten, prima, so kann ich den Schlauchwechsel auch noch trainieren&#8230; Letztlich kam ich auf 110 km und einen 30,5er Schnitt, was ich bei einem 125er Puls nicht so schlecht finde. Auch in diesem Tempo kann man in Roth mit Anstand finishen \ud83d\ude42 Und der Koppellauf lief zumindest am Anfang gut, weil ich mich beim Radfahren weniger angestrengt habe.<\/p>\n<p>Gut war auch die Strategie mit dem Gel in der Trinkflasche. Das Zeug ist so fl\u00fcssig, dass man es problemlos trinken kann, und man spart sich das Aufrei\u00dfen und die ganze Sauerei, wenn was daneben geht. Plane ich jetzt auch so f\u00fcr Roth. Jetzt hoffe ich mal, dass ich wenigstens am Sonntag auf der Radstrecke in Roth noch mal richtig Gas geben kann&#8230;<\/p>\n","protected":false},"excerpt":{"rendered":"<p>&#8230; ist es eben mentales Training. Gestern stand zum letzten Mal meine Lieblingseinheit in der harten Variante auf dem Programm: 3:30 Rad mit 1:30 Lauf<\/p>\n","protected":false},"author":2,"featured_media":0,"comment_status":"open","ping_status":"open","sticky":false,"template":"","format":"standard","meta":{"footnotes":""},"categories":[7],"tags":[],"class_list":["post-25","post","type-post","status-publish","format-standard","hentry","category-roth-2013"],"aioseo_notices":[],"_links":{"self":[{"href":"https:\/\/www.wo-ist-achim.de\/blog\/wp-json\/wp\/v2\/posts\/25","targetHints":{"allow":["GET"]}}],"collection":[{"href":"https:\/\/www.wo-ist-achim.de\/blog\/wp-json\/wp\/v2\/posts"}],"about":[{"href":"https:\/\/www.wo-ist-achim.de\/blog\/wp-json\/wp\/v2\/types\/post"}],"author":[{"embeddable":true,"href":"https:\/\/www.wo-ist-achim.de\/blog\/wp-json\/wp\/v2\/users\/2"}],"replies":[{"embeddable":true,"href":"https:\/\/www.wo-ist-achim.de\/blog\/wp-json\/wp\/v2\/comments?post=25"}],"version-history":[{"count":1,"href":"https:\/\/www.wo-ist-achim.de\/blog\/wp-json\/wp\/v2\/posts\/25\/revisions"}],"predecessor-version":[{"id":159,"href":"https:\/\/www.wo-ist-achim.de\/blog\/wp-json\/wp\/v2\/posts\/25\/revisions\/159"}],"wp:attachment":[{"href":"https:\/\/www.wo-ist-achim.de\/blog\/wp-json\/wp\/v2\/media?parent=25"}],"wp:term":[{"taxonomy":"category","embeddable":true,"href":"https:\/\/www.wo-ist-achim.de\/blog\/wp-json\/wp\/v2\/categories?post=25"},{"taxonomy":"post_tag","embeddable":true,"href":"https:\/\/www.wo-ist-achim.de\/blog\/wp-json\/wp\/v2\/tags?post=25"}],"curies":[{"name":"wp","href":"https:\/\/api.w.org\/{rel}","templated":true}]}}