{"id":46,"date":"2013-03-17T12:39:00","date_gmt":"2013-03-17T11:39:00","guid":{"rendered":"http:\/\/www.wo-ist-achim.de\/blog\/2013\/03\/17\/trainingslager-beendet\/"},"modified":"2019-08-31T14:59:39","modified_gmt":"2019-08-31T12:59:39","slug":"trainingslager-beendet","status":"publish","type":"post","link":"https:\/\/www.wo-ist-achim.de\/blog\/2013\/03\/17\/trainingslager-beendet\/","title":{"rendered":"Trainingslager beendet"},"content":{"rendered":"\n<figure class=\"wp-block-image\"><img loading=\"lazy\" decoding=\"async\" width=\"1024\" height=\"768\" src=\"https:\/\/www.wo-ist-achim.de\/blog\/wp-content\/uploads\/2019\/08\/Trainingslager-beendet-1-1024x768.jpg\" alt=\"\" class=\"wp-image-494\" srcset=\"https:\/\/www.wo-ist-achim.de\/blog\/wp-content\/uploads\/2019\/08\/Trainingslager-beendet-1-1024x768.jpg 1024w, https:\/\/www.wo-ist-achim.de\/blog\/wp-content\/uploads\/2019\/08\/Trainingslager-beendet-1-300x225.jpg 300w, https:\/\/www.wo-ist-achim.de\/blog\/wp-content\/uploads\/2019\/08\/Trainingslager-beendet-1-768x576.jpg 768w, https:\/\/www.wo-ist-achim.de\/blog\/wp-content\/uploads\/2019\/08\/Trainingslager-beendet-1.jpg 1600w\" sizes=\"auto, (max-width: 1024px) 100vw, 1024px\" \/><\/figure>\n\n\n\n<p>8 Trainingstage auf Mallorca sind leider schon wieder vorbei. Zum Gl\u00fcck lief es so wie erhofft. Am Anfang hatte ich noch etwas mit meiner Erk\u00e4ltung (oder was auch immer) zu k\u00e4mpfen, aber es wurde jeden Tag besser und jetzt f\u00fchle ich mich wieder topfit.<\/p>\n\n\n\n<p>Die Ausbeute:<br>7 x Radfahren mit 748 km<br>6 x Laufen mit 29 km<br>5 x Schwimmen mit 4.2 km<br>Trainingszeit 35:51 h<\/p>\n\n\n\n<figure class=\"wp-block-image\"><img loading=\"lazy\" decoding=\"async\" width=\"1024\" height=\"768\" src=\"https:\/\/www.wo-ist-achim.de\/blog\/wp-content\/uploads\/2019\/08\/Trainingslager-beendet-2-1024x768.jpg\" alt=\"\" class=\"wp-image-495\" srcset=\"https:\/\/www.wo-ist-achim.de\/blog\/wp-content\/uploads\/2019\/08\/Trainingslager-beendet-2-1024x768.jpg 1024w, https:\/\/www.wo-ist-achim.de\/blog\/wp-content\/uploads\/2019\/08\/Trainingslager-beendet-2-300x225.jpg 300w, https:\/\/www.wo-ist-achim.de\/blog\/wp-content\/uploads\/2019\/08\/Trainingslager-beendet-2-768x576.jpg 768w, https:\/\/www.wo-ist-achim.de\/blog\/wp-content\/uploads\/2019\/08\/Trainingslager-beendet-2.jpg 1600w\" sizes=\"auto, (max-width: 1024px) 100vw, 1024px\" \/><figcaption> Auf dem Weg zum Cap Formentor <\/figcaption><\/figure>\n\n\n\n<figure class=\"wp-block-image\"><img loading=\"lazy\" decoding=\"async\" width=\"1024\" height=\"768\" src=\"https:\/\/www.wo-ist-achim.de\/blog\/wp-content\/uploads\/2019\/08\/Trainingslager-beendet-3-1024x768.jpg\" alt=\"\" class=\"wp-image-496\" srcset=\"https:\/\/www.wo-ist-achim.de\/blog\/wp-content\/uploads\/2019\/08\/Trainingslager-beendet-3-1024x768.jpg 1024w, https:\/\/www.wo-ist-achim.de\/blog\/wp-content\/uploads\/2019\/08\/Trainingslager-beendet-3-300x225.jpg 300w, https:\/\/www.wo-ist-achim.de\/blog\/wp-content\/uploads\/2019\/08\/Trainingslager-beendet-3-768x576.jpg 768w, https:\/\/www.wo-ist-achim.de\/blog\/wp-content\/uploads\/2019\/08\/Trainingslager-beendet-3.jpg 1600w\" sizes=\"auto, (max-width: 1024px) 100vw, 1024px\" \/><figcaption> Am Cap Formentor <\/figcaption><\/figure>\n\n\n\n<p>Ich hatte kein spezielles Triathlon-Trainingslager gebucht, sondern das Radsportpaket bei&nbsp;<a href=\"http:\/\/www.bicycle-holidays.com\/de\/\" target=\"_blank\" rel=\"noreferrer noopener\">Max H\u00fcrzeler<\/a>. Mir ging es auch prim\u00e4r um das Radfahren, Laufen und Schwimmen waren eher Beiwerk. So habe ich mir die ersten 4 Tage so eingeteilt, dass ich direkt nach der Radtour noch 20-30 min Laufen ging und dann 2 Stunden sp\u00e4ter vor dem Abendessen noch 30 min Schwimmen. An den letzten drei Trainingstagen habe ich dann zwischen Schwimmen und Laufen abgewechselt, da mir alle drei Disziplinen an einem Tag zu viel wurden.<\/p>\n\n\n\n<figure class=\"wp-block-image\"><img loading=\"lazy\" decoding=\"async\" width=\"1024\" height=\"768\" src=\"https:\/\/www.wo-ist-achim.de\/blog\/wp-content\/uploads\/2019\/08\/Trainingslager-beendet-4-1024x768.jpg\" alt=\"\" class=\"wp-image-497\" srcset=\"https:\/\/www.wo-ist-achim.de\/blog\/wp-content\/uploads\/2019\/08\/Trainingslager-beendet-4-1024x768.jpg 1024w, https:\/\/www.wo-ist-achim.de\/blog\/wp-content\/uploads\/2019\/08\/Trainingslager-beendet-4-300x225.jpg 300w, https:\/\/www.wo-ist-achim.de\/blog\/wp-content\/uploads\/2019\/08\/Trainingslager-beendet-4-768x576.jpg 768w, https:\/\/www.wo-ist-achim.de\/blog\/wp-content\/uploads\/2019\/08\/Trainingslager-beendet-4.jpg 1600w\" sizes=\"auto, (max-width: 1024px) 100vw, 1024px\" \/><figcaption> Unterwegs im Fr\u00fchling auf Mallorca <\/figcaption><\/figure>\n\n\n\n<p>Beim Schimmen habe ich nur Technik trainiert. Die L\u00e4ufe dagegen waren recht flott zwischen Mitteldistanz und Kurzdistanz-Renntempo, aber dementsprechend eben nur 5-6 km lang. Beim Radfahren hatte ich das Gl\u00fcck eine super Gruppe zu erwischen. Unser Gruppenf\u00fchrer&nbsp;<a href=\"http:\/\/www.cicli-suisse.ch\/team\/athleten\/joel-eglin.htm\" target=\"_blank\" rel=\"noopener noreferrer\">Joel Eglin<\/a>&nbsp;fuhr bis letztes Jahr in der U23-Nationalmannschaft der Schweiz. Dementsprechend waren unsere Ausfahrten nicht langweilig und wir waren mit einem f\u00fcr die Jahreszeit und dem Wind auf Malle gutem Schnitt von 26-27 km\/h unterwegs. Alle habe mitgezogen und die Gruppendynamik hat auch gepasst.<\/p>\n\n\n\n<figure class=\"wp-block-image\"><img loading=\"lazy\" decoding=\"async\" width=\"800\" height=\"533\" src=\"https:\/\/www.wo-ist-achim.de\/blog\/wp-content\/uploads\/2019\/08\/Trainingslager-beendet-5.jpg\" alt=\"\" class=\"wp-image-498\" srcset=\"https:\/\/www.wo-ist-achim.de\/blog\/wp-content\/uploads\/2019\/08\/Trainingslager-beendet-5.jpg 800w, https:\/\/www.wo-ist-achim.de\/blog\/wp-content\/uploads\/2019\/08\/Trainingslager-beendet-5-300x200.jpg 300w, https:\/\/www.wo-ist-achim.de\/blog\/wp-content\/uploads\/2019\/08\/Trainingslager-beendet-5-768x512.jpg 768w\" sizes=\"auto, (max-width: 800px) 100vw, 800px\" \/><figcaption> Gruppe Joel 10.3.-15.03.2013 <\/figcaption><\/figure>\n\n\n\n<p>Am Mittwoch hat uns dann der Schnee erwischt, aber zum Gl\u00fcck nur in den Bergen und es war sowieso Ruhetag angesagt. W\u00e4hrend es am Donnerstag dann f\u00fcr Mallorca mit 5-10 Grad schweinekalt war, war der Freitag schon wieder sehr angenehm. Hier noch ein paar Impressionen:<\/p>\n\n\n\n<figure class=\"wp-block-image\"><img loading=\"lazy\" decoding=\"async\" width=\"1024\" height=\"768\" src=\"https:\/\/www.wo-ist-achim.de\/blog\/wp-content\/uploads\/2019\/08\/Trainingslager-beendet-6-1024x768.jpg\" alt=\"\" class=\"wp-image-499\" srcset=\"https:\/\/www.wo-ist-achim.de\/blog\/wp-content\/uploads\/2019\/08\/Trainingslager-beendet-6-1024x768.jpg 1024w, https:\/\/www.wo-ist-achim.de\/blog\/wp-content\/uploads\/2019\/08\/Trainingslager-beendet-6-300x225.jpg 300w, https:\/\/www.wo-ist-achim.de\/blog\/wp-content\/uploads\/2019\/08\/Trainingslager-beendet-6-768x576.jpg 768w, https:\/\/www.wo-ist-achim.de\/blog\/wp-content\/uploads\/2019\/08\/Trainingslager-beendet-6.jpg 1600w\" sizes=\"auto, (max-width: 1024px) 100vw, 1024px\" \/><figcaption> Schnee in den Bergen <\/figcaption><\/figure>\n\n\n\n<figure class=\"wp-block-image\"><img loading=\"lazy\" decoding=\"async\" width=\"1024\" height=\"768\" src=\"https:\/\/www.wo-ist-achim.de\/blog\/wp-content\/uploads\/2019\/08\/Trainingslager-beendet-7-1024x768.jpg\" alt=\"\" class=\"wp-image-500\" srcset=\"https:\/\/www.wo-ist-achim.de\/blog\/wp-content\/uploads\/2019\/08\/Trainingslager-beendet-7-1024x768.jpg 1024w, https:\/\/www.wo-ist-achim.de\/blog\/wp-content\/uploads\/2019\/08\/Trainingslager-beendet-7-300x225.jpg 300w, https:\/\/www.wo-ist-achim.de\/blog\/wp-content\/uploads\/2019\/08\/Trainingslager-beendet-7-768x576.jpg 768w, https:\/\/www.wo-ist-achim.de\/blog\/wp-content\/uploads\/2019\/08\/Trainingslager-beendet-7.jpg 1600w\" sizes=\"auto, (max-width: 1024px) 100vw, 1024px\" \/><figcaption>Bei Muro<\/figcaption><\/figure>\n\n\n\n<figure class=\"wp-block-image\"><img loading=\"lazy\" decoding=\"async\" width=\"1024\" height=\"768\" src=\"https:\/\/www.wo-ist-achim.de\/blog\/wp-content\/uploads\/2019\/08\/Trainingslager-beendet-8-1024x768.jpg\" alt=\"\" class=\"wp-image-501\" srcset=\"https:\/\/www.wo-ist-achim.de\/blog\/wp-content\/uploads\/2019\/08\/Trainingslager-beendet-8-1024x768.jpg 1024w, https:\/\/www.wo-ist-achim.de\/blog\/wp-content\/uploads\/2019\/08\/Trainingslager-beendet-8-300x225.jpg 300w, https:\/\/www.wo-ist-achim.de\/blog\/wp-content\/uploads\/2019\/08\/Trainingslager-beendet-8-768x576.jpg 768w, https:\/\/www.wo-ist-achim.de\/blog\/wp-content\/uploads\/2019\/08\/Trainingslager-beendet-8.jpg 1600w\" sizes=\"auto, (max-width: 1024px) 100vw, 1024px\" \/><figcaption> Der mallorquinische Winterdienst\u00a0 \ud83d\ude09<\/figcaption><\/figure>\n\n\n\n<figure class=\"wp-block-image\"><img loading=\"lazy\" decoding=\"async\" width=\"1024\" height=\"768\" src=\"https:\/\/www.wo-ist-achim.de\/blog\/wp-content\/uploads\/2019\/08\/Trainingslager-beendet-9-1024x768.jpg\" alt=\"\" class=\"wp-image-502\" srcset=\"https:\/\/www.wo-ist-achim.de\/blog\/wp-content\/uploads\/2019\/08\/Trainingslager-beendet-9-1024x768.jpg 1024w, https:\/\/www.wo-ist-achim.de\/blog\/wp-content\/uploads\/2019\/08\/Trainingslager-beendet-9-300x225.jpg 300w, https:\/\/www.wo-ist-achim.de\/blog\/wp-content\/uploads\/2019\/08\/Trainingslager-beendet-9-768x576.jpg 768w, https:\/\/www.wo-ist-achim.de\/blog\/wp-content\/uploads\/2019\/08\/Trainingslager-beendet-9.jpg 1600w\" sizes=\"auto, (max-width: 1024px) 100vw, 1024px\" \/><figcaption> Kaffeepause in Sencelles <\/figcaption><\/figure>\n","protected":false},"excerpt":{"rendered":"<p>8 Trainingstage auf Mallorca sind leider schon wieder vorbei. Zum Gl\u00fcck lief es so wie erhofft. Am Anfang hatte ich noch etwas mit meiner Erk\u00e4ltung<\/p>\n","protected":false},"author":2,"featured_media":494,"comment_status":"open","ping_status":"open","sticky":false,"template":"","format":"standard","meta":{"footnotes":""},"categories":[7],"tags":[],"class_list":["post-46","post","type-post","status-publish","format-standard","has-post-thumbnail","hentry","category-roth-2013"],"aioseo_notices":[],"_links":{"self":[{"href":"https:\/\/www.wo-ist-achim.de\/blog\/wp-json\/wp\/v2\/posts\/46","targetHints":{"allow":["GET"]}}],"collection":[{"href":"https:\/\/www.wo-ist-achim.de\/blog\/wp-json\/wp\/v2\/posts"}],"about":[{"href":"https:\/\/www.wo-ist-achim.de\/blog\/wp-json\/wp\/v2\/types\/post"}],"author":[{"embeddable":true,"href":"https:\/\/www.wo-ist-achim.de\/blog\/wp-json\/wp\/v2\/users\/2"}],"replies":[{"embeddable":true,"href":"https:\/\/www.wo-ist-achim.de\/blog\/wp-json\/wp\/v2\/comments?post=46"}],"version-history":[{"count":2,"href":"https:\/\/www.wo-ist-achim.de\/blog\/wp-json\/wp\/v2\/posts\/46\/revisions"}],"predecessor-version":[{"id":503,"href":"https:\/\/www.wo-ist-achim.de\/blog\/wp-json\/wp\/v2\/posts\/46\/revisions\/503"}],"wp:featuredmedia":[{"embeddable":true,"href":"https:\/\/www.wo-ist-achim.de\/blog\/wp-json\/wp\/v2\/media\/494"}],"wp:attachment":[{"href":"https:\/\/www.wo-ist-achim.de\/blog\/wp-json\/wp\/v2\/media?parent=46"}],"wp:term":[{"taxonomy":"category","embeddable":true,"href":"https:\/\/www.wo-ist-achim.de\/blog\/wp-json\/wp\/v2\/categories?post=46"},{"taxonomy":"post_tag","embeddable":true,"href":"https:\/\/www.wo-ist-achim.de\/blog\/wp-json\/wp\/v2\/tags?post=46"}],"curies":[{"name":"wp","href":"https:\/\/api.w.org\/{rel}","templated":true}]}}